{"id":5129,"date":"2019-01-04T09:32:25","date_gmt":"2019-01-04T06:32:25","guid":{"rendered":"https:\/\/www.fener.org\/?p=5129"},"modified":"2019-01-04T09:32:31","modified_gmt":"2019-01-04T06:32:31","slug":"8-kurekcimiz-milli-takim-kampinda","status":"publish","type":"post","link":"https:\/\/www.fener.org\/index.php\/2019\/01\/04\/8-kurekcimiz-milli-takim-kampinda\/","title":{"rendered":"8 K\u00fcrek\u00e7imiz Milli Tak\u0131m kamp\u0131nda"},"content":{"rendered":"\n<p>Fenerbah\u00e7e K\u00fcrek \u015eubemizden 8 sporcumuz, 14-29 Ocak 2019 tarihleri aras\u0131nda K\u00f6yce\u011fiz&#8217;de ger\u00e7ekle\u015fecek olan Milli Tak\u0131m kamp\u0131na davet edildi.<\/p>\n\n\n\n<p>T\u00fcrkiye K\u00fcrek Federasyonu taraf\u0131ndan yap\u0131lan milli tak\u0131m se\u00e7melerinde ba\u015far\u0131l\u0131 olan ve kampa davet edilen sporcular\u0131m\u0131z\u0131n isimleri \u015fu \u015fekilde:<\/p>\n\n\n\n<ul class=\"wp-block-list\"><li>Fatih \u00dcnsal<\/li><li> Mert Kaan Kartal<\/li><li> Enes Ku\u015fku<\/li><li> Onat Kazakl\u0131<\/li><li> \u0130nan\u00e7 \u015eahin<\/li><li> Denizhan Ayd\u0131n<\/li><li> Emir Sayg\u0131l\u0131<\/li><li> Ebru Ak\u0131nal<\/li><\/ul>\n","protected":false},"excerpt":{"rendered":"<p>Fenerbah\u00e7e K\u00fcrek \u015eubemizden 8 sporcumuz, 14-29 Ocak 2019 tarihleri aras\u0131nda K\u00f6yce\u011fiz&#8217;de ger\u00e7ekle\u015fecek olan Milli Tak\u0131m kamp\u0131na davet edildi. T\u00fcrkiye K\u00fcrek Federasyonu taraf\u0131ndan yap\u0131lan milli tak\u0131m se\u00e7melerinde ba\u015far\u0131l\u0131 olan ve kampa davet edilen sporcular\u0131m\u0131z\u0131n isimleri \u015fu \u015fekilde: Fatih \u00dcnsal Mert Kaan Kartal Enes Ku\u015fku Onat Kazakl\u0131 \u0130nan\u00e7 \u015eahin Denizhan Ayd\u0131n Emir Sayg\u0131l\u0131 Ebru Ak\u0131nal<\/p>\n","protected":false},"author":1,"featured_media":1283,"comment_status":"closed","ping_status":"closed","sticky":false,"template":"","format":"standard","meta":{"jnews-multi-image_gallery":[],"jnews_single_post":{"subtitle":"Milli tak\u0131m se\u00e7melerinde ba\u015far\u0131 g\u00f6steren 8 k\u00fcrek\u00e7imiz, K\u00f6yce\u011fiz'de ger\u00e7ekle\u015fecek olan Milli Tak\u0131m kamp\u0131na davet edildi.","format":"standard","video":"","gallery":"","source_name":"","source_url":"","via_name":"","via_url":"","override":[{"single_blog_custom":"","sidebar":"","second_sidebar":"","share_position":"","share_float_style":"","post_date_format":"","post_date_format_custom":"","number_popup_post":"1"}],"image_override":[{"single_post_thumbnail_size":"","single_post_gallery_size":""}],"trending_post_position":"","trending_post_label":""},"jnews_primary_category":{"id":"11"},"jnews_social_meta":[],"jnews_override_counter":{"view_counter_number":"0","share_counter_number":"0","like_counter_number":"0","dislike_counter_number":"0"},"footnotes":""},"categories":[2,11],"tags":[23,30],"class_list":["post-5129","post","type-post","status-publish","format-standard","has-post-thumbnail","hentry","category-haberler","category-kurek","tag-fenerbahce","tag-kurek"],"amp_enabled":true,"_links":{"self":[{"href":"https:\/\/www.fener.org\/index.php\/wp-json\/wp\/v2\/posts\/5129","targetHints":{"allow":["GET"]}}],"collection":[{"href":"https:\/\/www.fener.org\/index.php\/wp-json\/wp\/v2\/posts"}],"about":[{"href":"https:\/\/www.fener.org\/index.php\/wp-json\/wp\/v2\/types\/post"}],"author":[{"embeddable":true,"href":"https:\/\/www.fener.org\/index.php\/wp-json\/wp\/v2\/users\/1"}],"replies":[{"embeddable":true,"href":"https:\/\/www.fener.org\/index.php\/wp-json\/wp\/v2\/comments?post=5129"}],"version-history":[{"count":2,"href":"https:\/\/www.fener.org\/index.php\/wp-json\/wp\/v2\/posts\/5129\/revisions"}],"predecessor-version":[{"id":5131,"href":"https:\/\/www.fener.org\/index.php\/wp-json\/wp\/v2\/posts\/5129\/revisions\/5131"}],"wp:featuredmedia":[{"embeddable":true,"href":"https:\/\/www.fener.org\/index.php\/wp-json\/wp\/v2\/media\/1283"}],"wp:attachment":[{"href":"https:\/\/www.fener.org\/index.php\/wp-json\/wp\/v2\/media?parent=5129"}],"wp:term":[{"taxonomy":"category","embeddable":true,"href":"https:\/\/www.fener.org\/index.php\/wp-json\/wp\/v2\/categories?post=5129"},{"taxonomy":"post_tag","embeddable":true,"href":"https:\/\/www.fener.org\/index.php\/wp-json\/wp\/v2\/tags?post=5129"}],"curies":[{"name":"wp","href":"https:\/\/api.w.org\/{rel}","templated":true}]}}