{"id":5107,"date":"2019-01-03T11:08:31","date_gmt":"2019-01-03T08:08:31","guid":{"rendered":"https:\/\/www.fener.org\/?p=5107"},"modified":"2019-01-03T11:08:39","modified_gmt":"2019-01-03T08:08:39","slug":"u18-fenerbahce-47-51-barcelona","status":"publish","type":"post","link":"https:\/\/www.fener.org\/index.php\/2019\/01\/03\/u18-fenerbahce-47-51-barcelona\/","title":{"rendered":"U18: Fenerbah\u00e7e 47-51 Barcelona"},"content":{"rendered":"\n<p>\u0130spanya\u2019n\u0131n Barselona \u015fehrinde d\u00fczenlenen WIT Nacex U18 K\u0131zlar Basketbol Turnuvas\u0131\u2019nda m\u00fccadele eden Fenerbah\u00e7e U18 Gen\u00e7 K\u0131z Basketbol Tak\u0131m\u0131m\u0131z, ilk ma\u00e7\u0131nda Katalan ekibi Barcelona ile m\u00fccadele etti.<\/p>\n\n\n\n<p>Tak\u0131m\u0131m\u0131z \u00e7eki\u015fmeli ge\u00e7en m\u00fcsabakadan 51-47\u2019lik skorla ma\u011flup ayr\u0131ld\u0131.<\/p>\n\n\n\n<p>K\u0131z\u0131 Lucia Navarro Barcelona\u2019da oynayan, \u0130spanya basketbolunun efsanelerinden Juan Carlos Navarro da kar\u015f\u0131la\u015fmay\u0131 takip edenler aras\u0131ndayd\u0131.<\/p>\n\n\n\n<p><strong>Fenerbah\u00e7e (47):<\/strong> \u015eevval G\u00fcl 29, Do\u011fa Ad\u0131can 7, \u0130dil Sa\u00e7al\u0131r 2, I\u015f\u0131k Demirbacak 2, Sahra Gen\u00e7, Yasmin \u015eenyuva, Ay\u015fe Y\u0131lmaz, Duygu \u00d6zen 1, Melike Duru 6, Erika Mokan, Dilara Kalyoncu, Suzan K\u0131nran.<\/p>\n","protected":false},"excerpt":{"rendered":"<p>\u0130spanya\u2019n\u0131n Barselona \u015fehrinde d\u00fczenlenen WIT Nacex U18 K\u0131zlar Basketbol Turnuvas\u0131\u2019nda m\u00fccadele eden Fenerbah\u00e7e U18 Gen\u00e7 K\u0131z Basketbol Tak\u0131m\u0131m\u0131z, ilk ma\u00e7\u0131nda Katalan ekibi Barcelona ile m\u00fccadele etti. Tak\u0131m\u0131m\u0131z \u00e7eki\u015fmeli ge\u00e7en m\u00fcsabakadan 51-47\u2019lik skorla ma\u011flup ayr\u0131ld\u0131. K\u0131z\u0131 Lucia Navarro Barcelona\u2019da oynayan, \u0130spanya basketbolunun efsanelerinden Juan Carlos Navarro da kar\u015f\u0131la\u015fmay\u0131 takip edenler aras\u0131ndayd\u0131. Fenerbah\u00e7e (47): \u015eevval G\u00fcl 29, [&hellip;]<\/p>\n","protected":false},"author":1,"featured_media":5108,"comment_status":"closed","ping_status":"closed","sticky":false,"template":"","format":"standard","meta":{"jnews-multi-image_gallery":[],"jnews_single_post":{"subtitle":"Barselona'da d\u00fczenlenen WIT Nacex U18 K\u0131zlar Basketbol Turnuvas\u0131\u2019nda m\u00fccadele eden Fenerbah\u00e7e U18 Gen\u00e7 K\u0131z Basketbol Tak\u0131m\u0131m\u0131z, turnuvan\u0131n ilk g\u00fcn\u00fcnde Katalan ekibi Barcelona ile kar\u015f\u0131la\u015ft\u0131.","format":"standard","video":"","gallery":"","source_name":"","source_url":"","via_name":"","via_url":"","override":[{"single_blog_custom":"","sidebar":"","second_sidebar":"","share_position":"","share_float_style":"","post_date_format":"","post_date_format_custom":"","number_popup_post":"1"}],"image_override":[{"single_post_thumbnail_size":"","single_post_gallery_size":""}],"trending_post_position":"","trending_post_label":""},"jnews_primary_category":{"id":"5"},"jnews_social_meta":[],"jnews_override_counter":{"view_counter_number":"0","share_counter_number":"0","like_counter_number":"0","dislike_counter_number":"0"},"footnotes":""},"categories":[5,2,46],"tags":[24,23],"class_list":["post-5107","post","type-post","status-publish","format-standard","has-post-thumbnail","hentry","category-basketbol","category-haberler","category-kadin-basketbol-altyapi","tag-basketbol","tag-fenerbahce"],"amp_enabled":true,"_links":{"self":[{"href":"https:\/\/www.fener.org\/index.php\/wp-json\/wp\/v2\/posts\/5107","targetHints":{"allow":["GET"]}}],"collection":[{"href":"https:\/\/www.fener.org\/index.php\/wp-json\/wp\/v2\/posts"}],"about":[{"href":"https:\/\/www.fener.org\/index.php\/wp-json\/wp\/v2\/types\/post"}],"author":[{"embeddable":true,"href":"https:\/\/www.fener.org\/index.php\/wp-json\/wp\/v2\/users\/1"}],"replies":[{"embeddable":true,"href":"https:\/\/www.fener.org\/index.php\/wp-json\/wp\/v2\/comments?post=5107"}],"version-history":[{"count":2,"href":"https:\/\/www.fener.org\/index.php\/wp-json\/wp\/v2\/posts\/5107\/revisions"}],"predecessor-version":[{"id":5110,"href":"https:\/\/www.fener.org\/index.php\/wp-json\/wp\/v2\/posts\/5107\/revisions\/5110"}],"wp:featuredmedia":[{"embeddable":true,"href":"https:\/\/www.fener.org\/index.php\/wp-json\/wp\/v2\/media\/5108"}],"wp:attachment":[{"href":"https:\/\/www.fener.org\/index.php\/wp-json\/wp\/v2\/media?parent=5107"}],"wp:term":[{"taxonomy":"category","embeddable":true,"href":"https:\/\/www.fener.org\/index.php\/wp-json\/wp\/v2\/categories?post=5107"},{"taxonomy":"post_tag","embeddable":true,"href":"https:\/\/www.fener.org\/index.php\/wp-json\/wp\/v2\/tags?post=5107"}],"curies":[{"name":"wp","href":"https:\/\/api.w.org\/{rel}","templated":true}]}}