{"id":5103,"date":"2019-01-03T10:56:33","date_gmt":"2019-01-03T07:56:33","guid":{"rendered":"https:\/\/www.fener.org\/?p=5103"},"modified":"2019-01-03T10:56:42","modified_gmt":"2019-01-03T07:56:42","slug":"jan-vesely-her-macin-farkli-bir-hikayesi-var","status":"publish","type":"post","link":"https:\/\/www.fener.org\/index.php\/2019\/01\/03\/jan-vesely-her-macin-farkli-bir-hikayesi-var\/","title":{"rendered":"Jan Vesely: Her ma\u00e7\u0131n farkl\u0131 bir hikayesi var"},"content":{"rendered":"\n<p><strong>EuroLeague\u2019de aral\u0131k ay\u0131n\u0131n en de\u011ferli oyuncusu oldu\u011fun i\u00e7in tebrikler. Bu \u00f6d\u00fcl sen ve Fenerbah\u00e7e Beko i\u00e7in ne anlam ifade ediyor?<\/strong><\/p>\n\n\n\n<p>\u201cTe\u015fekk\u00fcrler. Bu, ortaya koydu\u011fumuz \u00e7al\u0131\u015fman\u0131n ve benim de tak\u0131ma yard\u0131mc\u0131 olma \u015feklimin sonunda gelen bir \u00f6d\u00fcl ancak sezonun uzun oldu\u011funu unutmamal\u0131y\u0131z. 30 haftan\u0131n yaln\u0131zca yar\u0131s\u0131n\u0131 geride b\u0131rakt\u0131k. Uzun bir yolculuk olacak ve \u00f6n\u00fcm\u00fczdeki ma\u00e7lar i\u00e7in daha da fazla konsantre olmal\u0131y\u0131z. Son d\u00f6nemde ortaya koydu\u011fumuz \u00e7al\u0131\u015fman\u0131n \u00f6d\u00fcllendirilmesi elbette g\u00fczel.\u201d<\/p>\n\n\n\n<p><strong>Fenerbah\u00e7e \u015fimdiye kadar 14-1 ile yoluna devam ediyor. Aral\u0131k 2017\u2019de ise bu derece 9-6\u2019yd\u0131. Sence tak\u0131m\u0131n \u00e7ekirde\u011finin korunmas\u0131 bunda fark yarattt\u0131 m\u0131?<\/strong><\/p>\n\n\n\n<p>\u201cElbette. \u015eu an oynad\u0131\u011f\u0131m\u0131z iyi oynamam\u0131z\u0131n nedeni bu. Uzun s\u00fcredir bir araday\u0131z. Birka\u00e7 oyuncu de\u011fi\u015fti ancak gelen oyuncular da iyi katk\u0131 verdi. \u0130yi bir arkada\u015f toplulu\u011fuyuz ve birlikte zaman ge\u00e7irmekten keyif al\u0131yoruz. Soyunma odas\u0131na \u00e7ok samimi bir ortam var ve bu da saha i\u00e7inde bize yard\u0131mc\u0131 oluyor. Ger\u00e7ekten \u00e7ok keyif al\u0131yorum.\u201d<\/p>\n\n\n\n<p><strong>Aral\u0131k ay\u0131na Panathinaikos deplasman\u0131nda ald\u0131\u011f\u0131n\u0131z \u00f6nemli galibiyetle ba\u015flad\u0131n\u0131z. Senin de o ma\u00e7ta 7 asistin (kariyer rekoru) vard\u0131. Bu senin \u00fczerinde \u00e7al\u0131\u015ft\u0131\u011f\u0131n bir \u015fey miydi yoksa az \u00f6nce bahsetti\u011fin ortam sayesinde mi geldi?<\/strong><\/p>\n\n\n\n<p>\u201cBir g\u00fcn 7 asist yapabilirim\u2026 Di\u011fer g\u00fcn 1 veya belki de hi\u00e7\u2026 Bu tak\u0131ma ba\u011fl\u0131, savunmaya ba\u011fl\u0131 ve sahadaki durumlara ba\u011flad\u0131. Uzun oyuncu olarak asist \u00fczerine \u00e7al\u0131\u015fmaya gerek oldu\u011funu d\u00fc\u015f\u00fcnm\u00fcyorum. Bazen pas\u0131 atars\u0131n\u0131z ve tak\u0131m arkada\u015f\u0131n\u0131z say\u0131y\u0131 bulur. Bazen bulamaz ve asist hanenize +1 eklenmez. Bazen biri bo\u015f \u015futu bulmadan \u00f6nceki en son pas istasyonu ben oluyorum. Ma\u00e7a ba\u011fl\u0131.\u201d<\/p>\n\n\n\n<p><strong>Milano\u2018ya kar\u015f\u0131 85 say\u0131 yiyip kazand\u0131n\u0131z. Real Madrid\u2018e kar\u015f\u0131 ise 65 say\u0131 atarak galip geldiniz. Fenerbah\u00e7e farkl\u0131 ma\u00e7 dinamiklerinde nas\u0131l bu kadar m\u00fccadeleci kalabiliyor?<\/strong><\/p>\n\n\n\n<p>\u201cHer ma\u00e7\u0131n farkl\u0131 bir hikayesi var. \u00c7ok say\u0131 atma potansiyeli olan bir tak\u0131ma kar\u015f\u0131 oynad\u0131\u011f\u0131n\u0131zda onlardan daha fazla say\u0131 atman\u0131z gerek. Bu tip tak\u0131mlar\u0131 durdurmak ve onlar\u0131 d\u00fc\u015f\u00fck skorda tutmak kolay olmuyor. Biz uzun s\u00fcredir bir arada olan ve \u00e7ok say\u0131 atabilecek yetenekli oyunculara sahip bir tak\u0131m\u0131z. Sizin de dedi\u011finiz gibi her iki tarzda da oynayabiliyoruz. Tabii savunma her zaman i\u015fin anahtar\u0131 oluyor. Ma\u00e7\u0131n i\u00e7inde kal\u0131p \u015fu an yapt\u0131klar\u0131m\u0131za devam etmemiz gerekiyor. Bazen 95 say\u0131 bulabiliriz. Bazen de 65 de kalabiliriz.\u201d<\/p>\n\n\n\n<p><strong>CSKA\u2018ya kar\u015f\u0131 oynanan ma\u00e7lar\u0131n her zaman farkl\u0131 bir havas\u0131 olmu\u015ftur. Fenerbah\u00e7e, ikinci yar\u0131da muhte\u015fem bir performans ortaya koydu ve sen de bu sezon bir ma\u00e7ta CSKA\u2018ya kar\u015f\u0131 en y\u00fcksek verimlilik puan\u0131 (33) \u00fcreten oyuncu oldun. Bu senin ad\u0131na sezonun en iyi ma\u00e7\u0131 m\u0131yd\u0131?<\/strong><\/p>\n\n\n\n<p>\u201c\u0130lk yar\u0131da CSKA\u2019ya kar\u015f\u0131 farkl\u0131 gerideydik ve berbat bir ilk yar\u0131 oynad\u0131k. Devrede birbirimizle konu\u015fup farkl\u0131 ve agresif bir basketbol oynamam\u0131z gerekti\u011fi konusunda anla\u015ft\u0131k. Tam olarak bunu yapt\u0131k ve ma\u00e7\u0131n ritmini de\u011fi\u015ftirdik. Tak\u0131m olarak konu\u015fmam gerekirse bu sezon oynad\u0131\u011f\u0131m\u0131z en iyi ikinci yar\u0131lardan biriydi. Kendi hakk\u0131mda konu\u015facak olursam da tak\u0131ma en iyi \u015fekilde yard\u0131mc\u0131 olmaya \u00e7al\u0131\u015ft\u0131m ve bu da bu verimlilik puan\u0131na ula\u015fmam\u0131 sa\u011flad\u0131.\u201d<\/p>\n\n\n\n<p><strong>Buducnost\u2019a kar\u015f\u0131 ilk yar\u0131 bitiminde skor 40-40\u2019t\u0131. Ma\u00e7\u0131 ise 24 say\u0131 farkla kazand\u0131n\u0131z. \u0130kinci yar\u0131 de\u011fi\u015fen neydi?<\/strong><\/p>\n\n\n\n<p>\u201c\u00c7ift haftal\u0131 ma\u00e7\u0131n ikinci aya\u011f\u0131 Buducnost\u2019tayd\u0131 ve o sahada oynamak asla kolay olmuyor. K\u00fc\u00e7\u00fck bir salonlar\u0131 var. Yaratt\u0131klar\u0131 atmosfer de harika. Ki\u015fisel olarak keyif ald\u0131m. Bilhassa evlerinde oynad\u0131klar\u0131 ma\u00e7larda iyi bir tak\u0131mlar, pes etmiyorlar. Taraftarlar\u0131 onlar\u0131 ilk yar\u0131da ate\u015fledi ama Buducnost ikinci yar\u0131da enerjisini kaybetti. \u00d6nce haftasonu Adriyatik\u2019te oynad\u0131lar, ard\u0131ndan EuroLeague\u2019de \u00e7ift haftan\u0131n ikinci ma\u00e7\u0131n\u0131. Bu da onlar\u0131n enerjisini ald\u0131 ve bence yoruldular. Bu tarz ma\u00e7lar i\u00e7in bizim geni\u015f bir rotasyonumuz var. Bu da ma\u00e7\u0131n k\u0131r\u0131lmas\u0131n\u0131 sa\u011flad\u0131.\u201d<\/p>\n\n\n\n<p><strong>Real Madrid\u2019i Gigi Datome\u2018nin turnikesiyle ge\u00e7meyi ba\u015fard\u0131n\u0131z. Atmosfer inan\u0131lmazd\u0131\u2026<\/strong><\/p>\n\n\n\n<p>\u201cTaraftarlar\u0131m\u0131z ger\u00e7ekten muhte\u015fem atmosfer yarat\u0131yor. Bizi ileriye ittiriyorlar. Evimizde oynad\u0131\u011f\u0131m\u0131z ma\u00e7larda herkes keyif al\u0131yor, \u00f6zellikle bu tarz ma\u00e7larda. CSKA ve Madrid ma\u00e7lar\u0131nda kapal\u0131 gi\u015fe oynad\u0131k. O atmosfer ve Gigi\u2019nin son saniyelerdeki basketiyle kazanmak inan\u0131lmazd\u0131. Bu bize \u00e7al\u0131\u015fmak i\u00e7in daha fazla enerji veriyor. Hi\u00e7bir \u015feyin kolay olmad\u0131\u011f\u0131n\u0131 biliyoruz. Ma\u00e7\u0131n sonuna kadar sava\u015fmal\u0131s\u0131n\u0131z. Gigi de bunu yapt\u0131 ve Fenerbah\u00e7e taraftarlar\u0131 da elbette \u00e7ok mutlu oldu.<\/p>\n\n\n\n<p><strong>Fenerbah\u00e7e ile 5. sezonunu ge\u00e7iriyorsun. Hepsi de Obradovic ile birlikteydi. Onunla \u00e7al\u0131\u015fman\u0131n en g\u00fczel taraf\u0131 sence ne?<\/strong><\/p>\n\n\n\n<p>\u201c\u0130nan\u0131lmaz bir tutkuya sahip ve basketbolu herkesten daha iyi anl\u0131yor. Ger\u00e7ekten ma\u00e7taki her pozisyonu biliyor. Mesela ben neler yapt\u0131\u011f\u0131m\u0131 ve nas\u0131l say\u0131 att\u0131\u011f\u0131m\u0131 tam hat\u0131rlayamazken o her oyuncunun hareketini ve neler yapt\u0131\u011f\u0131n\u0131 biliyor. Bu, onun sahip oldu\u011fu \u00f6zel bir yetenek. Onunla her zaman \u00f6zel bir ili\u015fkiye sahiptim ve NBA\u2019den sonra bana \u015fans tan\u0131d\u0131, burada oynamama ve kendim olmama f\u0131rsat sa\u011flad\u0131. Benim yapabileceklerimi biliyor ve yapamayaca\u011f\u0131m bir \u015fey i\u00e7in beni asla zorlam\u0131yor. Kendi oyunumu oynamam\u0131 sa\u011fl\u0131yor ve birbirimizden neler bekleyece\u011fimizi biliyoruz.\u201d<\/p>\n\n\n\n<p><strong>Fenerbah\u00e7e\u2019ye 4.5 sene \u00f6nce gelmi\u015ftin. Hangi a\u00e7\u0131lardan daha iyi bir oyuncu oldun sence?<\/strong><\/p>\n\n\n\n<p>\u201cTabii ki geldikten sonra daha iyi bir oyuncuya d\u00f6n\u00fc\u015ft\u00fcm. Avrupa\u2019ya d\u00f6nmek ve her \u015feye tekrar al\u0131\u015fmak durumundayd\u0131m. \u00d6zg\u00fcvenimi tekrar sa\u011flamak ve sadece oyuncu olarak de\u011fil insan olarak da daha ileriye gitmem laz\u0131md\u0131. Baba oldum ve bir\u00e7ok \u015fey iyi anlamda de\u011fi\u015fti.\u201d<\/p>\n","protected":false},"excerpt":{"rendered":"<p>EuroLeague\u2019de aral\u0131k ay\u0131n\u0131n en de\u011ferli oyuncusu oldu\u011fun i\u00e7in tebrikler. Bu \u00f6d\u00fcl sen ve Fenerbah\u00e7e Beko i\u00e7in ne anlam ifade ediyor? \u201cTe\u015fekk\u00fcrler. Bu, ortaya koydu\u011fumuz \u00e7al\u0131\u015fman\u0131n ve benim de tak\u0131ma yard\u0131mc\u0131 olma \u015feklimin sonunda gelen bir \u00f6d\u00fcl ancak sezonun uzun oldu\u011funu unutmamal\u0131y\u0131z. 30 haftan\u0131n yaln\u0131zca yar\u0131s\u0131n\u0131 geride b\u0131rakt\u0131k. Uzun bir yolculuk olacak ve \u00f6n\u00fcm\u00fczdeki ma\u00e7lar i\u00e7in [&hellip;]<\/p>\n","protected":false},"author":1,"featured_media":5104,"comment_status":"closed","ping_status":"closed","sticky":false,"template":"","format":"standard","meta":{"jnews-multi-image_gallery":[],"jnews_single_post":{"subtitle":"Fenerbah\u00e7emizin \u00c7ek pivotu Jan Vesely, EuroLeague resmi internet sitesine \u00f6zel bir r\u00f6portaj verdi.","format":"standard","video":"","gallery":"","source_name":"","source_url":"","via_name":"","via_url":"","override":[{"single_blog_custom":"","sidebar":"","second_sidebar":"","share_position":"","share_float_style":"","post_date_format":"","post_date_format_custom":"","number_popup_post":"1"}],"image_override":[{"single_post_thumbnail_size":"","single_post_gallery_size":""}],"trending_post_position":"","trending_post_label":""},"jnews_primary_category":{"id":"5"},"jnews_social_meta":[],"jnews_override_counter":{"view_counter_number":"0","share_counter_number":"0","like_counter_number":"0","dislike_counter_number":"0"},"footnotes":""},"categories":[5,6,2],"tags":[23,84],"class_list":["post-5103","post","type-post","status-publish","format-standard","has-post-thumbnail","hentry","category-basketbol","category-erkek-basketbol","category-haberler","tag-fenerbahce","tag-janvesely"],"amp_enabled":true,"_links":{"self":[{"href":"https:\/\/www.fener.org\/index.php\/wp-json\/wp\/v2\/posts\/5103","targetHints":{"allow":["GET"]}}],"collection":[{"href":"https:\/\/www.fener.org\/index.php\/wp-json\/wp\/v2\/posts"}],"about":[{"href":"https:\/\/www.fener.org\/index.php\/wp-json\/wp\/v2\/types\/post"}],"author":[{"embeddable":true,"href":"https:\/\/www.fener.org\/index.php\/wp-json\/wp\/v2\/users\/1"}],"replies":[{"embeddable":true,"href":"https:\/\/www.fener.org\/index.php\/wp-json\/wp\/v2\/comments?post=5103"}],"version-history":[{"count":2,"href":"https:\/\/www.fener.org\/index.php\/wp-json\/wp\/v2\/posts\/5103\/revisions"}],"predecessor-version":[{"id":5106,"href":"https:\/\/www.fener.org\/index.php\/wp-json\/wp\/v2\/posts\/5103\/revisions\/5106"}],"wp:featuredmedia":[{"embeddable":true,"href":"https:\/\/www.fener.org\/index.php\/wp-json\/wp\/v2\/media\/5104"}],"wp:attachment":[{"href":"https:\/\/www.fener.org\/index.php\/wp-json\/wp\/v2\/media?parent=5103"}],"wp:term":[{"taxonomy":"category","embeddable":true,"href":"https:\/\/www.fener.org\/index.php\/wp-json\/wp\/v2\/categories?post=5103"},{"taxonomy":"post_tag","embeddable":true,"href":"https:\/\/www.fener.org\/index.php\/wp-json\/wp\/v2\/tags?post=5103"}],"curies":[{"name":"wp","href":"https:\/\/api.w.org\/{rel}","templated":true}]}}