{"id":5086,"date":"2019-01-02T09:45:18","date_gmt":"2019-01-02T06:45:18","guid":{"rendered":"https:\/\/www.fener.org\/?p=5086"},"modified":"2019-01-02T09:45:25","modified_gmt":"2019-01-02T06:45:25","slug":"rodopman-2019da-da-yelkenlerimiz-basarilara-acilacak","status":"publish","type":"post","link":"https:\/\/www.fener.org\/index.php\/2019\/01\/02\/rodopman-2019da-da-yelkenlerimiz-basarilara-acilacak\/","title":{"rendered":"Rodopman: 2019\u2019da da yelkenlerimiz ba\u015far\u0131lara a\u00e7\u0131lacak"},"content":{"rendered":"\n<p>Fenerbah\u00e7e Do\u011fu\u015f Yelken Sorumlumuz Selma Altay Rodopman, kul\u00fcb\u00fcm\u00fcz\u00fcn resmi internet sitesine yapt\u0131\u011f\u0131 a\u00e7\u0131kalmada \u015funlar\u0131 s\u00f6yledi:<\/p>\n\n\n\n<blockquote class=\"wp-block-quote is-layout-flow wp-block-quote-is-layout-flow\"><p>&#8220;Fenerbah\u00e7e Do\u011fu\u015f Yelken olarak \u00f6nemi ba\u015far\u0131lar\u0131 kucaklad\u0131\u011f\u0131m\u0131z, \u00fclkemizin yelkende ilk iki olimpiyat kotas\u0131n\u0131 ald\u0131\u011f\u0131m\u0131z, bir\u00e7ok ilki hayata ge\u00e7irdi\u011fimiz bir y\u0131l\u0131 geride b\u0131rak\u0131yoruz. 2019 y\u0131l\u0131nda amac\u0131m\u0131z elde edece\u011fimiz ba\u015far\u0131larla yine \u00fclkemizin ve kul\u00fcb\u00fcm\u00fcz\u00fcn gururu olmak, T\u00fcrkiye\u2019nin yelkendeki ilk olimpiyat madalyas\u0131n\u0131n ad\u0131 olmak i\u00e7in durmadan \u00e7al\u0131\u015fmak, yelkeni yeni nesillerle bulu\u015fturmak\u20262018 y\u0131l\u0131nda hayata ge\u00e7irdi\u011fimiz \u00f6nemli ad\u0131mlar\u0131 sizlerle payla\u015f\u0131rken t\u00fcm sporcular\u0131m\u0131za ba\u015far\u0131lar\u0131n\u0131n devam\u0131n\u0131 diliyor; Fenerbah\u00e7e ailemizin ve t\u00fcm yelken ailesinin yeni y\u0131l\u0131n\u0131 kutluyorum. 2019\u2019un, deniz ve do\u011fa ile sa\u011fl\u0131k, mutluluk, huzur ve ba\u015far\u0131lar i\u00e7erisinde bir y\u0131l olmas\u0131n\u0131 temenni ediyorum.&#8221;<\/p><\/blockquote>\n","protected":false},"excerpt":{"rendered":"<p>Fenerbah\u00e7e Do\u011fu\u015f Yelken Sorumlumuz Selma Altay Rodopman, kul\u00fcb\u00fcm\u00fcz\u00fcn resmi internet sitesine yapt\u0131\u011f\u0131 a\u00e7\u0131kalmada \u015funlar\u0131 s\u00f6yledi: &#8220;Fenerbah\u00e7e Do\u011fu\u015f Yelken olarak \u00f6nemi ba\u015far\u0131lar\u0131 kucaklad\u0131\u011f\u0131m\u0131z, \u00fclkemizin yelkende ilk iki olimpiyat kotas\u0131n\u0131 ald\u0131\u011f\u0131m\u0131z, bir\u00e7ok ilki hayata ge\u00e7irdi\u011fimiz bir y\u0131l\u0131 geride b\u0131rak\u0131yoruz. 2019 y\u0131l\u0131nda amac\u0131m\u0131z elde edece\u011fimiz ba\u015far\u0131larla yine \u00fclkemizin ve kul\u00fcb\u00fcm\u00fcz\u00fcn gururu olmak, T\u00fcrkiye\u2019nin yelkendeki ilk olimpiyat madalyas\u0131n\u0131n ad\u0131 [&hellip;]<\/p>\n","protected":false},"author":1,"featured_media":5087,"comment_status":"closed","ping_status":"closed","sticky":false,"template":"","format":"standard","meta":{"jnews-multi-image_gallery":[],"jnews_single_post":{"subtitle":"Fenerbah\u00e7e Do\u011fu\u015f Yelken, 2019 hedeflerini \u201c2019\u2019da da yelkenlerimiz ba\u015far\u0131lara a\u00e7\u0131lacak\u201d diye duyurdu.","format":"standard","video":"","gallery":"","source_name":"","source_url":"","via_name":"","via_url":"","override":[{"single_blog_custom":"","sidebar":"","second_sidebar":"","share_position":"","share_float_style":"","post_date_format":"","post_date_format_custom":"","number_popup_post":"1"}],"image_override":[{"single_post_thumbnail_size":"","single_post_gallery_size":""}],"trending_post_position":"","trending_post_label":""},"jnews_primary_category":{"id":"12"},"jnews_social_meta":[],"jnews_override_counter":{"view_counter_number":"0","share_counter_number":"0","like_counter_number":"0","dislike_counter_number":"0"},"footnotes":""},"categories":[2,12],"tags":[23,31],"class_list":["post-5086","post","type-post","status-publish","format-standard","has-post-thumbnail","hentry","category-haberler","category-yelken","tag-fenerbahce","tag-yelken"],"amp_enabled":true,"_links":{"self":[{"href":"https:\/\/www.fener.org\/index.php\/wp-json\/wp\/v2\/posts\/5086","targetHints":{"allow":["GET"]}}],"collection":[{"href":"https:\/\/www.fener.org\/index.php\/wp-json\/wp\/v2\/posts"}],"about":[{"href":"https:\/\/www.fener.org\/index.php\/wp-json\/wp\/v2\/types\/post"}],"author":[{"embeddable":true,"href":"https:\/\/www.fener.org\/index.php\/wp-json\/wp\/v2\/users\/1"}],"replies":[{"embeddable":true,"href":"https:\/\/www.fener.org\/index.php\/wp-json\/wp\/v2\/comments?post=5086"}],"version-history":[{"count":1,"href":"https:\/\/www.fener.org\/index.php\/wp-json\/wp\/v2\/posts\/5086\/revisions"}],"predecessor-version":[{"id":5088,"href":"https:\/\/www.fener.org\/index.php\/wp-json\/wp\/v2\/posts\/5086\/revisions\/5088"}],"wp:featuredmedia":[{"embeddable":true,"href":"https:\/\/www.fener.org\/index.php\/wp-json\/wp\/v2\/media\/5087"}],"wp:attachment":[{"href":"https:\/\/www.fener.org\/index.php\/wp-json\/wp\/v2\/media?parent=5086"}],"wp:term":[{"taxonomy":"category","embeddable":true,"href":"https:\/\/www.fener.org\/index.php\/wp-json\/wp\/v2\/categories?post=5086"},{"taxonomy":"post_tag","embeddable":true,"href":"https:\/\/www.fener.org\/index.php\/wp-json\/wp\/v2\/tags?post=5086"}],"curies":[{"name":"wp","href":"https:\/\/api.w.org\/{rel}","templated":true}]}}