{"id":5078,"date":"2018-12-31T23:24:11","date_gmt":"2018-12-31T20:24:11","guid":{"rendered":"https:\/\/www.fener.org\/?p=5078"},"modified":"2018-12-31T23:24:15","modified_gmt":"2018-12-31T20:24:15","slug":"batuhan-cakirdan-dunya-rekoru","status":"publish","type":"post","link":"https:\/\/www.fener.org\/index.php\/2018\/12\/31\/batuhan-cakirdan-dunya-rekoru\/","title":{"rendered":"Batuhan \u00c7ak\u0131r&#8217;dan d\u00fcnya rekoru"},"content":{"rendered":"\n<p>\u0130stanbul Atak\u00f6y Atletizm Salonu\u2019nda 30 Aral\u0131k 2018 g\u00fcn\u00fc yap\u0131lan \u0130stanbul \u0130l Salon Rekor Deneme\u2019de Batuhan \u00c7ak\u0131r\u2019dan T\u00fcrkiye rekor geldi. Avrupa U18 \u015fampiyonu Batuhan, bir hafta \u00f6nce 15.03 ile ka\u00e7\u0131rd\u0131\u011f\u0131 eski rekoru bir hafta sonra k\u0131rmay\u0131 ba\u015fard\u0131. \u00c7ak\u0131r, 15.17 atlayarak, Mert \u00c7i\u00e7ek\u2019e ait 15.09\u2019luk U18 erkekler T\u00fcrkiye salon \u00fc\u00e7 ad\u0131m atlama rekorunun yeni sahibi oldu.<\/p>\n\n\n\n<p>Batuhan \u00c7ak\u0131r, a\u00e7\u0131k havada da 15.70 ile U18 kategorisinde T\u00fcrkiye rekorunu elinde bulunduruyor.<\/p>\n","protected":false},"excerpt":{"rendered":"<p>\u0130stanbul Atak\u00f6y Atletizm Salonu\u2019nda 30 Aral\u0131k 2018 g\u00fcn\u00fc yap\u0131lan \u0130stanbul \u0130l Salon Rekor Deneme\u2019de Batuhan \u00c7ak\u0131r\u2019dan T\u00fcrkiye rekor geldi. Avrupa U18 \u015fampiyonu Batuhan, bir hafta \u00f6nce 15.03 ile ka\u00e7\u0131rd\u0131\u011f\u0131 eski rekoru bir hafta sonra k\u0131rmay\u0131 ba\u015fard\u0131. \u00c7ak\u0131r, 15.17 atlayarak, Mert \u00c7i\u00e7ek\u2019e ait 15.09\u2019luk U18 erkekler T\u00fcrkiye salon \u00fc\u00e7 ad\u0131m atlama rekorunun yeni sahibi oldu. Batuhan [&hellip;]<\/p>\n","protected":false},"author":1,"featured_media":5079,"comment_status":"closed","ping_status":"closed","sticky":false,"template":"","format":"standard","meta":{"jnews-multi-image_gallery":[],"jnews_single_post":{"subtitle":"Fenerbah\u00e7eli atlet Batuhan \u00c7ak\u0131r,  \u0130stanbul\u2019da yap\u0131lan \u0130l Salon Rekor Deneme M\u00fcsabakalar\u0131\u2019nda \u00fc\u00e7 ad\u0131m atlamada U18 T\u00fcrkiye rekoru k\u0131rd\u0131.","format":"standard","video":"","gallery":"","source_name":"","source_url":"","via_name":"","via_url":"","override":[{"single_blog_custom":"","sidebar":"","second_sidebar":"","share_position":"","share_float_style":"","post_date_format":"","post_date_format_custom":"","number_popup_post":"1"}],"image_override":[{"single_post_thumbnail_size":"","single_post_gallery_size":""}],"trending_post_position":"","trending_post_label":""},"jnews_primary_category":{"id":"13"},"jnews_social_meta":[],"jnews_override_counter":{"view_counter_number":"0","share_counter_number":"0","like_counter_number":"0","dislike_counter_number":"0"},"footnotes":""},"categories":[13,2],"tags":[32,23],"class_list":["post-5078","post","type-post","status-publish","format-standard","has-post-thumbnail","hentry","category-atletizm","category-haberler","tag-atletizm","tag-fenerbahce"],"amp_enabled":true,"_links":{"self":[{"href":"https:\/\/www.fener.org\/index.php\/wp-json\/wp\/v2\/posts\/5078","targetHints":{"allow":["GET"]}}],"collection":[{"href":"https:\/\/www.fener.org\/index.php\/wp-json\/wp\/v2\/posts"}],"about":[{"href":"https:\/\/www.fener.org\/index.php\/wp-json\/wp\/v2\/types\/post"}],"author":[{"embeddable":true,"href":"https:\/\/www.fener.org\/index.php\/wp-json\/wp\/v2\/users\/1"}],"replies":[{"embeddable":true,"href":"https:\/\/www.fener.org\/index.php\/wp-json\/wp\/v2\/comments?post=5078"}],"version-history":[{"count":1,"href":"https:\/\/www.fener.org\/index.php\/wp-json\/wp\/v2\/posts\/5078\/revisions"}],"predecessor-version":[{"id":5080,"href":"https:\/\/www.fener.org\/index.php\/wp-json\/wp\/v2\/posts\/5078\/revisions\/5080"}],"wp:featuredmedia":[{"embeddable":true,"href":"https:\/\/www.fener.org\/index.php\/wp-json\/wp\/v2\/media\/5079"}],"wp:attachment":[{"href":"https:\/\/www.fener.org\/index.php\/wp-json\/wp\/v2\/media?parent=5078"}],"wp:term":[{"taxonomy":"category","embeddable":true,"href":"https:\/\/www.fener.org\/index.php\/wp-json\/wp\/v2\/categories?post=5078"},{"taxonomy":"post_tag","embeddable":true,"href":"https:\/\/www.fener.org\/index.php\/wp-json\/wp\/v2\/tags?post=5078"}],"curies":[{"name":"wp","href":"https:\/\/api.w.org\/{rel}","templated":true}]}}