{"id":5066,"date":"2018-12-30T19:09:00","date_gmt":"2018-12-30T16:09:00","guid":{"rendered":"https:\/\/www.fener.org\/?p=5066"},"modified":"2018-12-30T19:09:05","modified_gmt":"2018-12-30T16:09:05","slug":"obradovic-kalbimin-en-derinlerinden-tesekkur-ediyorum","status":"publish","type":"post","link":"https:\/\/www.fener.org\/index.php\/2018\/12\/30\/obradovic-kalbimin-en-derinlerinden-tesekkur-ediyorum\/","title":{"rendered":"Obradovic: Kalbimin en derinlerinden te\u015fekk\u00fcr ediyorum"},"content":{"rendered":"\n<p>Bas\u0131n toplant\u0131s\u0131na taraftara te\u015fekk\u00fcr ederek ba\u015flayan Zeljko Obradovic, salondaki muhte\u015fem atmosfere de\u011findi ve herkesin yeni y\u0131l\u0131n\u0131 kutlad\u0131.<\/p>\n\n\n\n<p>Obradovic, Jan Vesely&#8217;in ba\u015far\u0131l\u0131 performans\u0131na da de\u011finirken ma\u00e7la ilgili \u015fu de\u011ferlendirmelerde bulundu:<\/p>\n\n\n\n<blockquote class=\"wp-block-quote is-layout-flow wp-block-quote-is-layout-flow\"><p>&#8220;S\u00f6zlerime bug\u00fcnk\u00fc muhte\u015fem atmosferle ba\u015flamak istiyorum. B\u00f6yle bir ortamda oynamak \u00e7ok b\u00fcy\u00fck zevk. Ayn\u0131 g\u00fczel \u015feyleri hissediyoruz. Kalbimin en derinlerinden te\u015fekk\u00fcr ediyorum.<\/p><p>Real Madrid ma\u00e7\u0131 sonras\u0131 48 saatten az bir s\u00fcrede ma\u00e7a haz\u0131rlanmak ve iyi konsantre olmak kolay de\u011fil. Dar\u00fc\u015f\u015fafaka antren\u00f6r de\u011fi\u015fiminden sonra \u00e7ok agresif ve sert oynamaya ba\u015flad\u0131. Onlara kar\u015f\u0131 iyi haz\u0131rlanmaya \u00e7al\u0131\u015ft\u0131k ve onlara kar\u015f\u0131 sayg\u0131yla oynuyoruz. Oynama \u015feklimizden \u00e7ok memnunum. Ma\u00e7a \u00e7ok iyi ba\u015flad\u0131k ve g\u00fczel bitirdik. Benim i\u00e7in en sevindirici yan\u0131 herkese oynama f\u0131rsat\u0131 vermem. Basketbolu severek ve keyifle oynamak. Oyuncular\u0131m\u0131 2018 y\u0131l\u0131nda yapt\u0131klar\u0131 her \u015fey i\u00e7in tebrik ediyorum. Sayfay\u0131 \u00e7eviriyoruz. \u00d6n\u00fcm\u00fczdeki hafta Baskonia ma\u00e7\u0131 var ve ma\u00e7 ma\u00e7 ilerlemeye devam edece\u011fiz.<\/p><p>Vesely ,herkesin g\u00f6rd\u00fc\u011f\u00fc gibi muhte\u015fem oynuyor. Her a\u00e7\u0131dan da ma\u00e7\u0131 domine ediyor. Pas vermesini bilen bir uzununuz varsa ve bunu do\u011fru yap\u0131yorsa; bu bizim i\u00e7in \u00e7ok b\u00fcy\u00fck avantaj. Eminim bu \u015fekilde devam etmek ister.\u201d<\/p><\/blockquote>\n","protected":false},"excerpt":{"rendered":"<p>Bas\u0131n toplant\u0131s\u0131na taraftara te\u015fekk\u00fcr ederek ba\u015flayan Zeljko Obradovic, salondaki muhte\u015fem atmosfere de\u011findi ve herkesin yeni y\u0131l\u0131n\u0131 kutlad\u0131. Obradovic, Jan Vesely&#8217;in ba\u015far\u0131l\u0131 performans\u0131na da de\u011finirken ma\u00e7la ilgili \u015fu de\u011ferlendirmelerde bulundu: &#8220;S\u00f6zlerime bug\u00fcnk\u00fc muhte\u015fem atmosferle ba\u015flamak istiyorum. B\u00f6yle bir ortamda oynamak \u00e7ok b\u00fcy\u00fck zevk. Ayn\u0131 g\u00fczel \u015feyleri hissediyoruz. Kalbimin en derinlerinden te\u015fekk\u00fcr ediyorum. Real Madrid ma\u00e7\u0131 sonras\u0131 [&hellip;]<\/p>\n","protected":false},"author":1,"featured_media":5068,"comment_status":"closed","ping_status":"closed","sticky":false,"template":"","format":"standard","meta":{"jnews-multi-image_gallery":[],"jnews_single_post":{"subtitle":"Fenerbah\u00e7e Erkek Basketbol Tak\u0131m\u0131m\u0131z\u0131n Ba\u015fantren\u00f6r\u00fc Zeljko Obradovic, tak\u0131m\u0131m\u0131z\u0131n Tahincio\u011flu Basketbol S\u00fcper Ligi 13. hafta ma\u00e7\u0131nda Dar\u00fc\u015f\u015fafaka Tekfen kar\u015f\u0131s\u0131nda ald\u0131\u011f\u0131 galibiyetin ard\u0131ndan a\u00e7\u0131klamalarda bulundu.","format":"standard","video":"","gallery":"","source_name":"","source_url":"","via_name":"","via_url":"","override":[{"single_blog_custom":"","sidebar":"","second_sidebar":"","share_position":"","share_float_style":"","post_date_format":"","post_date_format_custom":"","number_popup_post":"1"}],"image_override":[{"single_post_thumbnail_size":"","single_post_gallery_size":""}],"trending_post_position":"","trending_post_label":""},"jnews_primary_category":{"id":"5"},"jnews_social_meta":[],"jnews_override_counter":{"view_counter_number":"0","share_counter_number":"0","like_counter_number":"0","dislike_counter_number":"0"},"footnotes":""},"categories":[5,6,2],"tags":[23,79,75],"class_list":["post-5066","post","type-post","status-publish","format-standard","has-post-thumbnail","hentry","category-basketbol","category-erkek-basketbol","category-haberler","tag-fenerbahce","tag-neverenough","tag-zeljkoobradovic"],"amp_enabled":true,"_links":{"self":[{"href":"https:\/\/www.fener.org\/index.php\/wp-json\/wp\/v2\/posts\/5066","targetHints":{"allow":["GET"]}}],"collection":[{"href":"https:\/\/www.fener.org\/index.php\/wp-json\/wp\/v2\/posts"}],"about":[{"href":"https:\/\/www.fener.org\/index.php\/wp-json\/wp\/v2\/types\/post"}],"author":[{"embeddable":true,"href":"https:\/\/www.fener.org\/index.php\/wp-json\/wp\/v2\/users\/1"}],"replies":[{"embeddable":true,"href":"https:\/\/www.fener.org\/index.php\/wp-json\/wp\/v2\/comments?post=5066"}],"version-history":[{"count":1,"href":"https:\/\/www.fener.org\/index.php\/wp-json\/wp\/v2\/posts\/5066\/revisions"}],"predecessor-version":[{"id":5067,"href":"https:\/\/www.fener.org\/index.php\/wp-json\/wp\/v2\/posts\/5066\/revisions\/5067"}],"wp:featuredmedia":[{"embeddable":true,"href":"https:\/\/www.fener.org\/index.php\/wp-json\/wp\/v2\/media\/5068"}],"wp:attachment":[{"href":"https:\/\/www.fener.org\/index.php\/wp-json\/wp\/v2\/media?parent=5066"}],"wp:term":[{"taxonomy":"category","embeddable":true,"href":"https:\/\/www.fener.org\/index.php\/wp-json\/wp\/v2\/categories?post=5066"},{"taxonomy":"post_tag","embeddable":true,"href":"https:\/\/www.fener.org\/index.php\/wp-json\/wp\/v2\/tags?post=5066"}],"curies":[{"name":"wp","href":"https:\/\/api.w.org\/{rel}","templated":true}]}}