{"id":4992,"date":"2018-12-27T23:24:48","date_gmt":"2018-12-27T20:24:48","guid":{"rendered":"https:\/\/www.fener.org\/?p=4992"},"modified":"2018-12-27T23:24:56","modified_gmt":"2018-12-27T20:24:56","slug":"obradovic-cok-iyi-bir-karsilasma-bekliyorum","status":"publish","type":"post","link":"https:\/\/www.fener.org\/index.php\/2018\/12\/27\/obradovic-cok-iyi-bir-karsilasma-bekliyorum\/","title":{"rendered":"Obradovic: \u00c7ok iyi bir kar\u015f\u0131la\u015fma bekliyorum"},"content":{"rendered":"\n<p>Rakiplerinin \u00e7ok iyi durumda oldu\u011funu belirten Zeljko Obradovic \u015fu ifadeleri kulland\u0131:<\/p>\n\n\n\n<blockquote class=\"wp-block-quote is-layout-flow wp-block-quote-is-layout-flow\"><p>\u201cEuroLeague\u2019de ilk yar\u0131n\u0131n son ma\u00e7\u0131na \u00e7\u0131kaca\u011f\u0131z ve son olarak EuroLeague finalinde kar\u015f\u0131la\u015ft\u0131\u011f\u0131m\u0131z bir rakibe kar\u015f\u0131 m\u00fccadele edece\u011fiz. Onlar\u0131n \u00e7ok iyi durumda oldu\u011funu biliyoruz, ancak biz de tak\u0131m olarak olduk\u00e7a iyi bir d\u00f6nemden ge\u00e7iyoruz. Bu nedenle \u00e7ok iyi bir kar\u015f\u0131la\u015fma bekliyorum. Elbette evimizde oynayaca\u011f\u0131m\u0131z\u0131n ve taraftarlar\u0131m\u0131z\u0131n salonu doldurarak bize yard\u0131mc\u0131 olaca\u011f\u0131n\u0131n fark\u0131nday\u0131z. Ama ne olursa olsun parkede karakterimizi g\u00f6stermeli ve m\u00fcmk\u00fcn olan en iyi oyunu ortaya koymal\u0131y\u0131z. Real Madrid gibi harika bir tak\u0131m\u0131 yenebilmek i\u00e7in bunlar\u0131 yapmaya ihtiyac\u0131m\u0131z olacak.\u201d<\/p><\/blockquote>\n","protected":false},"excerpt":{"rendered":"<p>Rakiplerinin \u00e7ok iyi durumda oldu\u011funu belirten Zeljko Obradovic \u015fu ifadeleri kulland\u0131: \u201cEuroLeague\u2019de ilk yar\u0131n\u0131n son ma\u00e7\u0131na \u00e7\u0131kaca\u011f\u0131z ve son olarak EuroLeague finalinde kar\u015f\u0131la\u015ft\u0131\u011f\u0131m\u0131z bir rakibe kar\u015f\u0131 m\u00fccadele edece\u011fiz. Onlar\u0131n \u00e7ok iyi durumda oldu\u011funu biliyoruz, ancak biz de tak\u0131m olarak olduk\u00e7a iyi bir d\u00f6nemden ge\u00e7iyoruz. Bu nedenle \u00e7ok iyi bir kar\u015f\u0131la\u015fma bekliyorum. Elbette evimizde oynayaca\u011f\u0131m\u0131z\u0131n ve [&hellip;]<\/p>\n","protected":false},"author":1,"featured_media":4993,"comment_status":"closed","ping_status":"closed","sticky":false,"template":"","format":"standard","meta":{"jnews-multi-image_gallery":[],"jnews_single_post":{"subtitle":"Ba\u015fantren\u00f6r\u00fcm\u00fcz Zeljko Obradovic, Fenerbah\u00e7emizin Turkish Airlines EuroLeague 15. hafta m\u00fccadelesinde Real Madrid\u2019i konuk edece\u011fi ma\u00e7 \u00f6ncesinde kul\u00fcb\u00fcm\u00fcz\u00fcn resmi sitesine a\u00e7\u0131klamalarda bulundu.","format":"standard","video":"","gallery":"","source_name":"","source_url":"","via_name":"","via_url":"","override":[{"single_blog_custom":"","sidebar":"","second_sidebar":"","share_position":"","share_float_style":"","post_date_format":"","post_date_format_custom":"","number_popup_post":"1"}],"image_override":[{"single_post_thumbnail_size":"","single_post_gallery_size":""}],"trending_post_position":"","trending_post_label":""},"jnews_primary_category":{"id":"5"},"jnews_social_meta":[],"jnews_override_counter":{"view_counter_number":"0","share_counter_number":"0","like_counter_number":"0","dislike_counter_number":"0"},"footnotes":""},"categories":[5,6,2],"tags":[74,23,75],"class_list":["post-4992","post","type-post","status-publish","format-standard","has-post-thumbnail","hentry","category-basketbol","category-erkek-basketbol","category-haberler","tag-euroleague","tag-fenerbahce","tag-zeljkoobradovic"],"amp_enabled":true,"_links":{"self":[{"href":"https:\/\/www.fener.org\/index.php\/wp-json\/wp\/v2\/posts\/4992","targetHints":{"allow":["GET"]}}],"collection":[{"href":"https:\/\/www.fener.org\/index.php\/wp-json\/wp\/v2\/posts"}],"about":[{"href":"https:\/\/www.fener.org\/index.php\/wp-json\/wp\/v2\/types\/post"}],"author":[{"embeddable":true,"href":"https:\/\/www.fener.org\/index.php\/wp-json\/wp\/v2\/users\/1"}],"replies":[{"embeddable":true,"href":"https:\/\/www.fener.org\/index.php\/wp-json\/wp\/v2\/comments?post=4992"}],"version-history":[{"count":1,"href":"https:\/\/www.fener.org\/index.php\/wp-json\/wp\/v2\/posts\/4992\/revisions"}],"predecessor-version":[{"id":4994,"href":"https:\/\/www.fener.org\/index.php\/wp-json\/wp\/v2\/posts\/4992\/revisions\/4994"}],"wp:featuredmedia":[{"embeddable":true,"href":"https:\/\/www.fener.org\/index.php\/wp-json\/wp\/v2\/media\/4993"}],"wp:attachment":[{"href":"https:\/\/www.fener.org\/index.php\/wp-json\/wp\/v2\/media?parent=4992"}],"wp:term":[{"taxonomy":"category","embeddable":true,"href":"https:\/\/www.fener.org\/index.php\/wp-json\/wp\/v2\/categories?post=4992"},{"taxonomy":"post_tag","embeddable":true,"href":"https:\/\/www.fener.org\/index.php\/wp-json\/wp\/v2\/tags?post=4992"}],"curies":[{"name":"wp","href":"https:\/\/api.w.org\/{rel}","templated":true}]}}