{"id":4989,"date":"2018-12-27T23:13:51","date_gmt":"2018-12-27T20:13:51","guid":{"rendered":"https:\/\/www.fener.org\/?p=4989"},"modified":"2018-12-27T23:13:56","modified_gmt":"2018-12-27T20:13:56","slug":"fenerbahce-real-madrid-karsisinda","status":"publish","type":"post","link":"https:\/\/www.fener.org\/index.php\/2018\/12\/27\/fenerbahce-real-madrid-karsisinda\/","title":{"rendered":"Fenerbah\u00e7e, Real Madrid kar\u015f\u0131s\u0131nda"},"content":{"rendered":"\n<p>Tak\u0131m\u0131m\u0131z, EuroLeague\u2019de \u00e7ift ma\u00e7 haftas\u0131n\u0131n ilk ma\u00e7\u0131nda CSKA Moskova\u2019y\u0131 a\u011f\u0131rlad\u0131\u011f\u0131 m\u00fccadeleyi 79-75 kazand\u0131. Haftan\u0131n ikinci ma\u00e7\u0131nda ise Buducnost VOLI\u2019ye konuk olan ekibimiz, rakibini ikinci yar\u0131daki performans\u0131yla 65-89 ile ma\u011flup ederek EuroLeague\u2019de \u00fcst \u00fcste onuncu, toplamda da 13. galibiyetini ald\u0131.<\/p>\n\n\n\n<p>Ekibimiz, son resmi lig ma\u00e7\u0131nda Sinan Erdem Spor Salonu\u2019nda Galatasaray kar\u015f\u0131s\u0131nda \u00e7\u0131kt\u0131 ve bu m\u00fccadeleyi 84-74 kaybederek ligdeki ilk yenilgisini ald\u0131.<\/p>\n\n\n\n<p>Fenerbah\u00e7e Beko\u2019da, Real Madrid m\u00fccadelesi \u00f6ncesi Tyler Ennis d\u0131\u015f\u0131nda sakatl\u0131k sorunu ya\u015fayan oyuncu bulunmuyor.<\/p>\n\n\n\n<p>Zeljko Obradovic, bu sezon EuroLeague\u2019de 11 farkl\u0131 oyuncuya ilk be\u015flerde yer verdi ve t\u00fcm ma\u00e7lara ilk be\u015fte ba\u015flayan bir oyuncu olmad\u0131.<\/p>\n\n\n\n<p>2011-12 sezonundan bu yana Pablo Laso taraf\u0131ndan \u00e7al\u0131\u015ft\u0131r\u0131lan Real Madrid, bu sezon EuroLeague\u2019de oynad\u0131\u011f\u0131 14 ma\u00e7ta 12 galibiyet elde etti ve Fenerbah\u00e7e Beko\u2019nun ard\u0131ndan ikinci s\u0131rada yer al\u0131yor.<\/p>\n\n\n\n<p>Real Madrid, EuroLeague\u2019de \u00e7ift ma\u00e7 haftas\u0131n\u0131 iki galibiyetle ge\u00e7ti. Haftan\u0131n ilk ma\u00e7\u0131nda Panathinaikos\u2019u \u0130spanya\u2019da 89-68 ile ge\u00e7en Real, sonraki ma\u00e7\u0131nda ise M\u00fcnih deplasman\u0131nda Bayern\u2019i 72-82 ile yendi.<\/p>\n\n\n\n<p>Real Madrid, \u0130spanya Ligi ACB\u2019de 10 galibiyetle \u00fc\u00e7\u00fcnc\u00fc s\u0131rada yer al\u0131yor. Son lig m\u00fccadelesinde Murcia\u2019y\u0131 konuk eden Real, rakibini 80-74&#8217;l\u00fck skorla ma\u011flup etti.<\/p>\n","protected":false},"excerpt":{"rendered":"<p>Tak\u0131m\u0131m\u0131z, EuroLeague\u2019de \u00e7ift ma\u00e7 haftas\u0131n\u0131n ilk ma\u00e7\u0131nda CSKA Moskova\u2019y\u0131 a\u011f\u0131rlad\u0131\u011f\u0131 m\u00fccadeleyi 79-75 kazand\u0131. Haftan\u0131n ikinci ma\u00e7\u0131nda ise Buducnost VOLI\u2019ye konuk olan ekibimiz, rakibini ikinci yar\u0131daki performans\u0131yla 65-89 ile ma\u011flup ederek EuroLeague\u2019de \u00fcst \u00fcste onuncu, toplamda da 13. galibiyetini ald\u0131. Ekibimiz, son resmi lig ma\u00e7\u0131nda Sinan Erdem Spor Salonu\u2019nda Galatasaray kar\u015f\u0131s\u0131nda \u00e7\u0131kt\u0131 ve bu m\u00fccadeleyi 84-74 [&hellip;]<\/p>\n","protected":false},"author":1,"featured_media":4990,"comment_status":"closed","ping_status":"closed","sticky":false,"template":"","format":"standard","meta":{"jnews-multi-image_gallery":[],"jnews_single_post":{"subtitle":"Fenerbah\u00e7e Beko, Turkish Airlines EuroLeague 15. hafta ma\u00e7\u0131nda Real Madrid\u2019i konuk ediyor. 28 Aral\u0131k Cuma g\u00fcn\u00fc (yar\u0131n) 20:30\u2019da \u00dclker Spor ve Etkinlik Salonu\u2019nda oynanacak m\u00fccadele beIN Sports 3 kanal\u0131ndan naklen yay\u0131nlanacak.","format":"standard","video":"","gallery":"","source_name":"","source_url":"","via_name":"","via_url":"","override":[{"single_blog_custom":"","sidebar":"","second_sidebar":"","share_position":"","share_float_style":"","post_date_format":"","post_date_format_custom":"","number_popup_post":"1"}],"image_override":[{"single_post_thumbnail_size":"","single_post_gallery_size":""}],"trending_post_position":"","trending_post_label":""},"jnews_primary_category":{"id":"5"},"jnews_social_meta":[],"jnews_override_counter":{"view_counter_number":"0","share_counter_number":"0","like_counter_number":"0","dislike_counter_number":"0"},"footnotes":""},"categories":[5,6,2],"tags":[74,23,79],"class_list":["post-4989","post","type-post","status-publish","format-standard","has-post-thumbnail","hentry","category-basketbol","category-erkek-basketbol","category-haberler","tag-euroleague","tag-fenerbahce","tag-neverenough"],"amp_enabled":true,"_links":{"self":[{"href":"https:\/\/www.fener.org\/index.php\/wp-json\/wp\/v2\/posts\/4989","targetHints":{"allow":["GET"]}}],"collection":[{"href":"https:\/\/www.fener.org\/index.php\/wp-json\/wp\/v2\/posts"}],"about":[{"href":"https:\/\/www.fener.org\/index.php\/wp-json\/wp\/v2\/types\/post"}],"author":[{"embeddable":true,"href":"https:\/\/www.fener.org\/index.php\/wp-json\/wp\/v2\/users\/1"}],"replies":[{"embeddable":true,"href":"https:\/\/www.fener.org\/index.php\/wp-json\/wp\/v2\/comments?post=4989"}],"version-history":[{"count":1,"href":"https:\/\/www.fener.org\/index.php\/wp-json\/wp\/v2\/posts\/4989\/revisions"}],"predecessor-version":[{"id":4991,"href":"https:\/\/www.fener.org\/index.php\/wp-json\/wp\/v2\/posts\/4989\/revisions\/4991"}],"wp:featuredmedia":[{"embeddable":true,"href":"https:\/\/www.fener.org\/index.php\/wp-json\/wp\/v2\/media\/4990"}],"wp:attachment":[{"href":"https:\/\/www.fener.org\/index.php\/wp-json\/wp\/v2\/media?parent=4989"}],"wp:term":[{"taxonomy":"category","embeddable":true,"href":"https:\/\/www.fener.org\/index.php\/wp-json\/wp\/v2\/categories?post=4989"},{"taxonomy":"post_tag","embeddable":true,"href":"https:\/\/www.fener.org\/index.php\/wp-json\/wp\/v2\/tags?post=4989"}],"curies":[{"name":"wp","href":"https:\/\/api.w.org\/{rel}","templated":true}]}}