{"id":4879,"date":"2018-12-23T20:24:08","date_gmt":"2018-12-23T17:24:08","guid":{"rendered":"https:\/\/www.fener.org\/?p=4879"},"modified":"2018-12-23T20:24:13","modified_gmt":"2018-12-23T17:24:13","slug":"zeljko-obradovic-bugun-kotu-bir-oyun-oynadik","status":"publish","type":"post","link":"https:\/\/www.fener.org\/index.php\/2018\/12\/23\/zeljko-obradovic-bugun-kotu-bir-oyun-oynadik\/","title":{"rendered":"Zeljko Obradovic: Bug\u00fcn k\u00f6t\u00fc bir oyun oynad\u0131k"},"content":{"rendered":"\n<p>Erkek Basketbol Tak\u0131m\u0131m\u0131z Fenerbah\u00e7e Beko\u2019nun Ba\u015fantren\u00f6r\u00fc Zeljko Obradovic, Galatasaray kar\u015f\u0131la\u015fmas\u0131n\u0131n ard\u0131ndan d\u00fczenlenen bas\u0131n toplant\u0131s\u0131nda \u015funlar\u0131 s\u00f6yledi:<\/p>\n\n\n\n<blockquote class=\"wp-block-quote is-layout-flow wp-block-quote-is-layout-flow\"><p>\u201cNormal olan Galatasaray\u2019\u0131 tebrik etmek, \u00e7\u00fcnk\u00fc \u00e7ok iyi oynad\u0131lar. Sahaya \u00e7ok b\u00fcy\u00fck bir istekle \u00e7\u0131kt\u0131lar. \u0130lk saniyeden itibaren bu belliydi ve \u00e7ok agresif oynad\u0131lar. Bizim i\u00e7in durum bunun tam tersiydi. Basketbol i\u00e7in \u00f6nemli olan her noktada onlar bizden \u00e7ok daha iyiydi. Bir kere daha onlar\u0131 tebrik etmek istiyorum.<\/p><p>Galatasaray ile oynaman\u0131n ne kadar b\u00fcy\u00fck ve \u00f6nemli bir \u015fey oldu\u011funu bilerek \u00e7\u0131kt\u0131k ve haz\u0131rl\u0131k \u015feklimiz her zamanki gibiydi. Hatta Buducnost\u2019ta vaktimiz vard\u0131 ve orada da antrenman yapt\u0131k. Galatasaray ma\u00e7\u0131n\u0131n ne kadar b\u00fcy\u00fck bir derbi oldu\u011funu bilerek \u00e7\u0131kt\u0131k.<\/p><p>Bug\u00fcn oynad\u0131\u011f\u0131m\u0131z \u015fekilde oynarsak bir \u015feylerin oldu\u011fu do\u011fru. Ama bu tak\u0131m buradaki atmosfere benzer atmosferi olan sahalarda oynad\u0131. Oyunculara hep ma\u00e7a odaklanmalar\u0131n\u0131 s\u00f6yl\u00fcyoruz. Saha d\u0131\u015f\u0131nda olanlara de\u011fil. Ger\u00e7ek olan biz bug\u00fcn k\u00f6t\u00fc bir oyun oynad\u0131k.&#8221;<\/p><\/blockquote>\n","protected":false},"excerpt":{"rendered":"<p>Erkek Basketbol Tak\u0131m\u0131m\u0131z Fenerbah\u00e7e Beko\u2019nun Ba\u015fantren\u00f6r\u00fc Zeljko Obradovic, Galatasaray kar\u015f\u0131la\u015fmas\u0131n\u0131n ard\u0131ndan d\u00fczenlenen bas\u0131n toplant\u0131s\u0131nda \u015funlar\u0131 s\u00f6yledi: \u201cNormal olan Galatasaray\u2019\u0131 tebrik etmek, \u00e7\u00fcnk\u00fc \u00e7ok iyi oynad\u0131lar. Sahaya \u00e7ok b\u00fcy\u00fck bir istekle \u00e7\u0131kt\u0131lar. \u0130lk saniyeden itibaren bu belliydi ve \u00e7ok agresif oynad\u0131lar. Bizim i\u00e7in durum bunun tam tersiydi. Basketbol i\u00e7in \u00f6nemli olan her noktada onlar bizden \u00e7ok [&hellip;]<\/p>\n","protected":false},"author":1,"featured_media":4880,"comment_status":"closed","ping_status":"closed","sticky":false,"template":"","format":"standard","meta":{"jnews-multi-image_gallery":[],"jnews_single_post":{"subtitle":"Ba\u015fantren\u00f6r\u00fcm\u00fcz Zeljko Obradovic, Fenerbah\u00e7e Erkek Basketbol Tak\u0131m\u0131m\u0131z\u0131n Tahincio\u011flu Basketbol S\u00fcper Ligi 12. hafta ma\u00e7\u0131nda Galatasaray\u2019a konuk oldu\u011fu m\u00fccadeleden ma\u011flubiyetle ayr\u0131ld\u0131\u011f\u0131 ma\u00e7\u0131n ard\u0131ndan a\u00e7\u0131klamalarda bulundu.","format":"standard","video":"","gallery":"","source_name":"","source_url":"","via_name":"","via_url":"","override":[{"single_blog_custom":"","sidebar":"","second_sidebar":"","share_position":"","share_float_style":"","post_date_format":"","post_date_format_custom":"","number_popup_post":"1"}],"image_override":[{"single_post_thumbnail_size":"","single_post_gallery_size":""}],"trending_post_position":"","trending_post_label":""},"jnews_primary_category":{"id":"5"},"jnews_social_meta":[],"jnews_override_counter":{"view_counter_number":"0","share_counter_number":"0","like_counter_number":"0","dislike_counter_number":"0"},"footnotes":""},"categories":[5,6,2],"tags":[23,75],"class_list":["post-4879","post","type-post","status-publish","format-standard","has-post-thumbnail","hentry","category-basketbol","category-erkek-basketbol","category-haberler","tag-fenerbahce","tag-zeljkoobradovic"],"amp_enabled":true,"_links":{"self":[{"href":"https:\/\/www.fener.org\/index.php\/wp-json\/wp\/v2\/posts\/4879","targetHints":{"allow":["GET"]}}],"collection":[{"href":"https:\/\/www.fener.org\/index.php\/wp-json\/wp\/v2\/posts"}],"about":[{"href":"https:\/\/www.fener.org\/index.php\/wp-json\/wp\/v2\/types\/post"}],"author":[{"embeddable":true,"href":"https:\/\/www.fener.org\/index.php\/wp-json\/wp\/v2\/users\/1"}],"replies":[{"embeddable":true,"href":"https:\/\/www.fener.org\/index.php\/wp-json\/wp\/v2\/comments?post=4879"}],"version-history":[{"count":1,"href":"https:\/\/www.fener.org\/index.php\/wp-json\/wp\/v2\/posts\/4879\/revisions"}],"predecessor-version":[{"id":4881,"href":"https:\/\/www.fener.org\/index.php\/wp-json\/wp\/v2\/posts\/4879\/revisions\/4881"}],"wp:featuredmedia":[{"embeddable":true,"href":"https:\/\/www.fener.org\/index.php\/wp-json\/wp\/v2\/media\/4880"}],"wp:attachment":[{"href":"https:\/\/www.fener.org\/index.php\/wp-json\/wp\/v2\/media?parent=4879"}],"wp:term":[{"taxonomy":"category","embeddable":true,"href":"https:\/\/www.fener.org\/index.php\/wp-json\/wp\/v2\/categories?post=4879"},{"taxonomy":"post_tag","embeddable":true,"href":"https:\/\/www.fener.org\/index.php\/wp-json\/wp\/v2\/tags?post=4879"}],"curies":[{"name":"wp","href":"https:\/\/api.w.org\/{rel}","templated":true}]}}