{"id":4853,"date":"2018-12-23T10:40:15","date_gmt":"2018-12-23T07:40:15","guid":{"rendered":"https:\/\/www.fener.org\/?p=4853"},"modified":"2018-12-23T15:07:54","modified_gmt":"2018-12-23T12:07:54","slug":"fenerbahce-galatasaray-deplasmaninda","status":"publish","type":"post","link":"https:\/\/www.fener.org\/index.php\/2018\/12\/23\/fenerbahce-galatasaray-deplasmaninda\/","title":{"rendered":"Fenerbah\u00e7e, Galatasaray deplasman\u0131nda"},"content":{"rendered":"\n<p>Fenerbah\u00e7e Beko, Tahincio\u011flu Basketbol S\u00fcper Ligi 12. hafta ma\u00e7\u0131nda Galatasaray ile deplasmanda m\u00fccadele edecek. Bug\u00fcn (23 Aral\u0131k Pazar g\u00fcn\u00fc) saat 15:15\u2019te Sinan Erdem Spor Salonu\u2019nda oynanacak m\u00fccadele Tivibu Spor 2 kanal\u0131ndan canl\u0131 yay\u0131nlanacak. Kar\u015f\u0131la\u015fmay\u0131 Er\u015fan Kartal, Mehmet Karabilecen, Ahmet Tatl\u0131c\u0131 hakem \u00fc\u00e7l\u00fcs\u00fc y\u00f6netecek.<\/p>\n\n\n\n<p>Tak\u0131m\u0131m\u0131z, EuroLeague\u2019de ikili ma\u00e7 haftas\u0131n\u0131 kay\u0131ps\u0131z ge\u00e7erek derbiye moralli \u00e7\u0131k\u0131yor. Fenerbah\u00e7e Beko, haftan\u0131n ilk ma\u00e7\u0131nda CSKA Moskova\u2019y\u0131 a\u011f\u0131rlad\u0131\u011f\u0131 m\u00fccadeleyi 79-75 kazand\u0131.Ekibimiz haftan\u0131n ikinci EuroLeague m\u00fccadelesinde Buducnost VOLI\u2019ye konuk oldu. Rakibini ikinci yar\u0131daki performans\u0131yla 65-89 ile ge\u00e7en Fenerbah\u00e7e Beko, EuroLeague\u2019de \u00fcst \u00fcste onuncu, toplamda da 13. galibiyetini ald\u0131.<\/p>\n\n\n\n<p>Tahincio\u011flu Basketbol S\u00fcper Ligi\u2019ndeki son m\u00fccadelesinde Afyon Belediyespor\u2019u \u00dclker Spor ve Etkinlik Salonu\u2019nda konuk eden Fenerbah\u00e7e Beko, bu ma\u00e7\u0131 92-68 kazanarak 10\u2019da 10 yapt\u0131.<\/p>\n\n\n\n<p>Galatasaray, bu sezon ligde oynad\u0131\u011f\u0131 10 ma\u00e7ta 6 galibiyet elde etti. Sar\u0131-k\u0131rm\u0131z\u0131l\u0131lar, son d\u00f6rt lig ma\u00e7\u0131ndan da galibiyetle ayr\u0131l\u0131rken son lig m\u00fccadelesinde Adat\u0131p Sakarya\u2019y\u0131 deplasmanda 56-89 yendi..<\/p>\n\n\n\n<p>Galatasaray, m\u00fccadele etti\u011fi EuroCup\u2019ta A Grubu\u2019nu 10 ma\u00e7 sonunda 3 galibiyetle alt\u0131nc\u0131 ve son s\u0131rada noktalad\u0131. Galatasaray, son EuroCup m\u00fccadelesinde K\u0131z\u0131ly\u0131ld\u0131z\u2019\u0131 Sinan Erdem Spor Salonu\u2019nda a\u011f\u0131rlad\u0131\u011f\u0131 kar\u015f\u0131la\u015fmay\u0131 83-100 kaybetti.<\/p>\n","protected":false},"excerpt":{"rendered":"<p>Fenerbah\u00e7e Beko, Tahincio\u011flu Basketbol S\u00fcper Ligi 12. hafta ma\u00e7\u0131nda Galatasaray ile deplasmanda m\u00fccadele edecek. Bug\u00fcn (23 Aral\u0131k Pazar g\u00fcn\u00fc) saat 15:15\u2019te Sinan Erdem Spor Salonu\u2019nda oynanacak m\u00fccadele Tivibu Spor 2 kanal\u0131ndan canl\u0131 yay\u0131nlanacak. Kar\u015f\u0131la\u015fmay\u0131 Er\u015fan Kartal, Mehmet Karabilecen, Ahmet Tatl\u0131c\u0131 hakem \u00fc\u00e7l\u00fcs\u00fc y\u00f6netecek. Tak\u0131m\u0131m\u0131z, EuroLeague\u2019de ikili ma\u00e7 haftas\u0131n\u0131 kay\u0131ps\u0131z ge\u00e7erek derbiye moralli \u00e7\u0131k\u0131yor. Fenerbah\u00e7e Beko, [&hellip;]<\/p>\n","protected":false},"author":1,"featured_media":4455,"comment_status":"closed","ping_status":"closed","sticky":false,"template":"","format":"standard","meta":{"jnews-multi-image_gallery":[],"jnews_single_post":{"subtitle":"Fenerbah\u00e7e Beko, Tahincio\u011flu Basketbol S\u00fcper Ligi 12. hafta ma\u00e7\u0131nda Galatasaray\u2019a konuk oluyor.","format":"standard","video":"","gallery":"","source_name":"","source_url":"","via_name":"","via_url":"","override":[{"single_blog_custom":"","sidebar":"","second_sidebar":"","share_position":"","share_float_style":"","post_date_format":"","post_date_format_custom":"","number_popup_post":"1"}],"image_override":[{"single_post_thumbnail_size":"","single_post_gallery_size":""}],"trending_post_position":"","trending_post_label":""},"jnews_primary_category":{"id":"5"},"jnews_social_meta":[],"jnews_override_counter":{"view_counter_number":"0","share_counter_number":"0","like_counter_number":"0","dislike_counter_number":"0"},"footnotes":""},"categories":[5,6,2],"tags":[24,23],"class_list":["post-4853","post","type-post","status-publish","format-standard","has-post-thumbnail","hentry","category-basketbol","category-erkek-basketbol","category-haberler","tag-basketbol","tag-fenerbahce"],"amp_enabled":true,"_links":{"self":[{"href":"https:\/\/www.fener.org\/index.php\/wp-json\/wp\/v2\/posts\/4853","targetHints":{"allow":["GET"]}}],"collection":[{"href":"https:\/\/www.fener.org\/index.php\/wp-json\/wp\/v2\/posts"}],"about":[{"href":"https:\/\/www.fener.org\/index.php\/wp-json\/wp\/v2\/types\/post"}],"author":[{"embeddable":true,"href":"https:\/\/www.fener.org\/index.php\/wp-json\/wp\/v2\/users\/1"}],"replies":[{"embeddable":true,"href":"https:\/\/www.fener.org\/index.php\/wp-json\/wp\/v2\/comments?post=4853"}],"version-history":[{"count":3,"href":"https:\/\/www.fener.org\/index.php\/wp-json\/wp\/v2\/posts\/4853\/revisions"}],"predecessor-version":[{"id":4862,"href":"https:\/\/www.fener.org\/index.php\/wp-json\/wp\/v2\/posts\/4853\/revisions\/4862"}],"wp:featuredmedia":[{"embeddable":true,"href":"https:\/\/www.fener.org\/index.php\/wp-json\/wp\/v2\/media\/4455"}],"wp:attachment":[{"href":"https:\/\/www.fener.org\/index.php\/wp-json\/wp\/v2\/media?parent=4853"}],"wp:term":[{"taxonomy":"category","embeddable":true,"href":"https:\/\/www.fener.org\/index.php\/wp-json\/wp\/v2\/categories?post=4853"},{"taxonomy":"post_tag","embeddable":true,"href":"https:\/\/www.fener.org\/index.php\/wp-json\/wp\/v2\/tags?post=4853"}],"curies":[{"name":"wp","href":"https:\/\/api.w.org\/{rel}","templated":true}]}}