{"id":4725,"date":"2018-12-19T23:08:35","date_gmt":"2018-12-19T20:08:35","guid":{"rendered":"https:\/\/www.fener.org\/?p=4725"},"modified":"2018-12-19T23:08:49","modified_gmt":"2018-12-19T20:08:49","slug":"carola-basket-galibiyetinin-ardindan-aciklamalar","status":"publish","type":"post","link":"https:\/\/www.fener.org\/index.php\/2018\/12\/19\/carola-basket-galibiyetinin-ardindan-aciklamalar\/","title":{"rendered":"Carola Basket galibiyetinin ard\u0131ndan a\u00e7\u0131klamalar"},"content":{"rendered":"\n<p>Frans\u0131z Ba\u015fantren\u00f6r\u00fcm\u00fcz Valerie Garnier ile kaptan Birsel Vardarl\u0131 Demirmen ve Bria Hartley&#8217;in a\u00e7\u0131klamalar\u0131 \u015f\u00f6yle:<\/p>\n\n\n\n<p><strong>Valerie Garnier: Rakiplerimize sayg\u0131 g\u00f6stermeyi \u00f6\u011frenmeliyiz<\/strong><\/p>\n\n\n\n<blockquote class=\"wp-block-quote is-layout-flow wp-block-quote-is-layout-flow\"><p>\u201cRakiplerimize sayg\u0131 g\u00f6stermeyi \u00f6\u011frenmeliyiz. Onlar\u0131 \u00e7ok tan\u0131masak bile ama ben oyuncular\u0131ma s\u00f6ylemi\u015ftim. Herkes bu tak\u0131mda \u015fut atabilir diye. \u0130lk devre \u00e7ok yumu\u015fakt\u0131k, rakibe izin verdik. \u0130kinci devre savunma yap\u0131nca oyunu \u015feklini de\u011fi\u015ftirdik.&#8221;<\/p><\/blockquote>\n\n\n\n<p><strong>Birsel Vardarl\u0131 Demirmen: \u0130yi bir galibiyet oldu<\/strong><\/p>\n\n\n\n<blockquote class=\"wp-block-quote is-layout-flow wp-block-quote-is-layout-flow\"><p>\u201c\u0130lk yar\u0131da istedi\u011fimiz \u015futlar\u0131 bulduk, fakat atamad\u0131k. Bu ra\u011fmen h\u00fccumda 41 say\u0131 bulduk ama potam\u0131zdaki 46 say\u0131 bizim i\u00e7in \u00e7oktu. Rakibin her att\u0131\u011f\u0131 basket oldu. \u0130kinci devre daha sert m\u00fcdafa yaparak, ayn\u0131 h\u00fccumu oynad\u0131k. \u0130yi bir galibiyet oldu. Mutluyum.&#8221;<\/p><\/blockquote>\n\n\n\n<p><strong>Bria Hartley: Tak\u0131m arkada\u015flar\u0131m\u0131n performans\u0131mdaki etkisi b\u00fcy\u00fck<\/strong><\/p>\n\n\n\n<blockquote class=\"wp-block-quote is-layout-flow wp-block-quote-is-layout-flow\"><p>\u201cA\u00e7\u0131k\u00e7as\u0131 zor bir ma\u00e7 oynad\u0131k. Tak\u0131m arkada\u015flar\u0131m beni bulma ve \u00f6d\u00fcllendirme konusunda \u00e7ok \u00f6zverililerdi. Onlar sayesinde bug\u00fcn iyi bir performans \u00e7\u0131kard\u0131m. Sahaya \u00e7\u0131k\u0131p i\u015fime konsantre olmaya \u00e7al\u0131\u015ft\u0131m. Tak\u0131m arkada\u015flar\u0131m\u0131n performans\u0131mdaki etkisi b\u00fcy\u00fck\u201d<\/p><\/blockquote>\n","protected":false},"excerpt":{"rendered":"<p>Frans\u0131z Ba\u015fantren\u00f6r\u00fcm\u00fcz Valerie Garnier ile kaptan Birsel Vardarl\u0131 Demirmen ve Bria Hartley&#8217;in a\u00e7\u0131klamalar\u0131 \u015f\u00f6yle: Valerie Garnier: Rakiplerimize sayg\u0131 g\u00f6stermeyi \u00f6\u011frenmeliyiz \u201cRakiplerimize sayg\u0131 g\u00f6stermeyi \u00f6\u011frenmeliyiz. Onlar\u0131 \u00e7ok tan\u0131masak bile ama ben oyuncular\u0131ma s\u00f6ylemi\u015ftim. Herkes bu tak\u0131mda \u015fut atabilir diye. \u0130lk devre \u00e7ok yumu\u015fakt\u0131k, rakibe izin verdik. \u0130kinci devre savunma yap\u0131nca oyunu \u015feklini de\u011fi\u015ftirdik.&#8221; Birsel Vardarl\u0131 Demirmen: [&hellip;]<\/p>\n","protected":false},"author":1,"featured_media":4726,"comment_status":"closed","ping_status":"closed","sticky":false,"template":"","format":"standard","meta":{"jnews-multi-image_gallery":[],"jnews_single_post":{"subtitle":"Kad\u0131n Basketbol Tak\u0131m\u0131m\u0131z\u0131n Ba\u015fantren\u00f6r\u00fc Valerie Garnier ile kaptan Birsel Vardarl\u0131 Demirmen ve ma\u00e7ta m\u00fcthi\u015f bir performans sergileyen oyuncumuz Bria Hartley, kar\u015f\u0131la\u015fman\u0131n ard\u0131ndan Fenerbah\u00e7e TV\u2019ye a\u00e7\u0131klamalarda bulundu.","format":"standard","video":"","gallery":"","source_name":"","source_url":"","via_name":"","via_url":"","override":[{"single_blog_custom":"","sidebar":"","second_sidebar":"","share_position":"","share_float_style":"","post_date_format":"","post_date_format_custom":"","number_popup_post":"1"}],"image_override":[{"single_post_thumbnail_size":"","single_post_gallery_size":""}],"trending_post_position":"","trending_post_label":""},"jnews_primary_category":{"id":"5"},"jnews_social_meta":[],"jnews_override_counter":{"view_counter_number":"0","share_counter_number":"0","like_counter_number":"0","dislike_counter_number":"0"},"footnotes":""},"categories":[5,2,7],"tags":[24,70,23],"class_list":["post-4725","post","type-post","status-publish","format-standard","has-post-thumbnail","hentry","category-basketbol","category-haberler","category-kadin-basketbol","tag-basketbol","tag-euroleaguewomen","tag-fenerbahce"],"amp_enabled":true,"_links":{"self":[{"href":"https:\/\/www.fener.org\/index.php\/wp-json\/wp\/v2\/posts\/4725","targetHints":{"allow":["GET"]}}],"collection":[{"href":"https:\/\/www.fener.org\/index.php\/wp-json\/wp\/v2\/posts"}],"about":[{"href":"https:\/\/www.fener.org\/index.php\/wp-json\/wp\/v2\/types\/post"}],"author":[{"embeddable":true,"href":"https:\/\/www.fener.org\/index.php\/wp-json\/wp\/v2\/users\/1"}],"replies":[{"embeddable":true,"href":"https:\/\/www.fener.org\/index.php\/wp-json\/wp\/v2\/comments?post=4725"}],"version-history":[{"count":2,"href":"https:\/\/www.fener.org\/index.php\/wp-json\/wp\/v2\/posts\/4725\/revisions"}],"predecessor-version":[{"id":4728,"href":"https:\/\/www.fener.org\/index.php\/wp-json\/wp\/v2\/posts\/4725\/revisions\/4728"}],"wp:featuredmedia":[{"embeddable":true,"href":"https:\/\/www.fener.org\/index.php\/wp-json\/wp\/v2\/media\/4726"}],"wp:attachment":[{"href":"https:\/\/www.fener.org\/index.php\/wp-json\/wp\/v2\/media?parent=4725"}],"wp:term":[{"taxonomy":"category","embeddable":true,"href":"https:\/\/www.fener.org\/index.php\/wp-json\/wp\/v2\/categories?post=4725"},{"taxonomy":"post_tag","embeddable":true,"href":"https:\/\/www.fener.org\/index.php\/wp-json\/wp\/v2\/tags?post=4725"}],"curies":[{"name":"wp","href":"https:\/\/api.w.org\/{rel}","templated":true}]}}