{"id":4677,"date":"2018-12-19T10:13:43","date_gmt":"2018-12-19T07:13:43","guid":{"rendered":"https:\/\/www.fener.org\/?p=4677"},"modified":"2021-07-27T10:18:29","modified_gmt":"2021-07-27T07:18:29","slug":"kaptan-eda-guzel-bir-mac-olacak-diye-umit-ediyorum","status":"publish","type":"post","link":"https:\/\/www.fener.org\/index.php\/2018\/12\/19\/kaptan-eda-guzel-bir-mac-olacak-diye-umit-ediyorum\/","title":{"rendered":"Kaptan Eda: G\u00fczel bir ma\u00e7 olacak diye \u00fcmit ediyorum"},"content":{"rendered":"\n<p>\u015eampiyonlar Ligi\u2019ne g\u00fczel bir ba\u015flang\u0131\u00e7 yapt\u0131klar\u0131n\u0131 ifade eden Kaptan\u0131 Eda \u015funlar\u0131 s\u00f6yledi:<\/p>\n\n\n\n<blockquote class=\"wp-block-quote is-layout-flow wp-block-quote-is-layout-flow\"><p>&#8220;Bu ba\u015flang\u0131c\u0131 devam ettirmek istiyoruz. Chemik Police ge\u00e7mi\u015f y\u0131llara g\u00f6re daha yeni bir ekip, daha gen\u00e7 oyunculardan kurulu. Onlarda grupta ilk ma\u00e7lar\u0131n\u0131 kaybettiler. G\u00fczel bir ma\u00e7 olacak diye \u00fcmit ediyorum. \u0130n\u015fallah sahadan g\u00fczel voleybolla, galibiyetle ayr\u0131l\u0131r\u0131z. Taraftarlar\u0131m\u0131z\u0131 her ma\u00e7a bekliyoruz. Bizi yaln\u0131z b\u0131rakmas\u0131nlar, bizi desteklesinler. Onlar varken biz daha iyi voleybol oynuyoruz.&#8221;<\/p><\/blockquote>\n","protected":false},"excerpt":{"rendered":"<p>\u015eampiyonlar Ligi\u2019ne g\u00fczel bir ba\u015flang\u0131\u00e7 yapt\u0131klar\u0131n\u0131 ifade eden Kaptan\u0131 Eda \u015funlar\u0131 s\u00f6yledi: &#8220;Bu ba\u015flang\u0131c\u0131 devam ettirmek istiyoruz. Chemik Police ge\u00e7mi\u015f y\u0131llara g\u00f6re daha yeni bir ekip, daha gen\u00e7 oyunculardan kurulu. Onlarda grupta ilk ma\u00e7lar\u0131n\u0131 kaybettiler. G\u00fczel bir ma\u00e7 olacak diye \u00fcmit ediyorum. \u0130n\u015fallah sahadan g\u00fczel voleybolla, galibiyetle ayr\u0131l\u0131r\u0131z. Taraftarlar\u0131m\u0131z\u0131 her ma\u00e7a bekliyoruz. Bizi yaln\u0131z b\u0131rakmas\u0131nlar, [&hellip;]<\/p>\n","protected":false},"author":1,"featured_media":4678,"comment_status":"closed","ping_status":"closed","sticky":false,"template":"","format":"standard","meta":{"jnews-multi-image_gallery":[],"jnews_single_post":{"subtitle":"Kad\u0131n Voleybol Tak\u0131m\u0131m\u0131z\u0131n Kaptan\u0131 Eda Erdem D\u00fcndar, CEV Kad\u0131nlar \u015eampiyonlar Ligi E Grubu 2.haftas\u0131nda Cemik Police ile oynayacaklar\u0131 ma\u00e7 \u00f6ncesi kul\u00fcb\u00fcm\u00fcz\u00fcn resmi internet sitesine a\u00e7\u0131klamalarda bulundu.","format":"standard","video":"","gallery":"","source_name":"","source_url":"","via_name":"","via_url":"","override":[{"single_blog_custom":"","sidebar":"","second_sidebar":"","share_position":"","share_float_style":"","post_date_format":"","post_date_format_custom":"","post_reading_time_wpm":"","zoom_button_out_step":"1","zoom_button_in_step":"1","number_popup_post":"1"}],"image_override":[{"single_post_thumbnail_size":"","single_post_gallery_size":""}],"trending_post_position":"","trending_post_label":"","sponsored_post_label":"","sponsored_post_name":"","sponsored_post_url":"","sponsored_post_logo":"","sponsored_post_desc":""},"jnews_primary_category":{"id":"8"},"jnews_social_meta":{"fb_title":"","fb_description":"","fb_image":"","twitter_title":"","twitter_description":"","twitter_image":""},"jnews_override_counter":{"view_counter_number":"0","share_counter_number":"0","like_counter_number":"0","dislike_counter_number":"0"},"footnotes":""},"categories":[2,10,8],"tags":[23,29],"class_list":["post-4677","post","type-post","status-publish","format-standard","has-post-thumbnail","hentry","category-haberler","category-kadin-voleybol","category-voleybol","tag-fenerbahce","tag-voleybol"],"amp_enabled":true,"_links":{"self":[{"href":"https:\/\/www.fener.org\/index.php\/wp-json\/wp\/v2\/posts\/4677","targetHints":{"allow":["GET"]}}],"collection":[{"href":"https:\/\/www.fener.org\/index.php\/wp-json\/wp\/v2\/posts"}],"about":[{"href":"https:\/\/www.fener.org\/index.php\/wp-json\/wp\/v2\/types\/post"}],"author":[{"embeddable":true,"href":"https:\/\/www.fener.org\/index.php\/wp-json\/wp\/v2\/users\/1"}],"replies":[{"embeddable":true,"href":"https:\/\/www.fener.org\/index.php\/wp-json\/wp\/v2\/comments?post=4677"}],"version-history":[{"count":1,"href":"https:\/\/www.fener.org\/index.php\/wp-json\/wp\/v2\/posts\/4677\/revisions"}],"predecessor-version":[{"id":4679,"href":"https:\/\/www.fener.org\/index.php\/wp-json\/wp\/v2\/posts\/4677\/revisions\/4679"}],"wp:featuredmedia":[{"embeddable":true,"href":"https:\/\/www.fener.org\/index.php\/wp-json\/wp\/v2\/media\/4678"}],"wp:attachment":[{"href":"https:\/\/www.fener.org\/index.php\/wp-json\/wp\/v2\/media?parent=4677"}],"wp:term":[{"taxonomy":"category","embeddable":true,"href":"https:\/\/www.fener.org\/index.php\/wp-json\/wp\/v2\/categories?post=4677"},{"taxonomy":"post_tag","embeddable":true,"href":"https:\/\/www.fener.org\/index.php\/wp-json\/wp\/v2\/tags?post=4677"}],"curies":[{"name":"wp","href":"https:\/\/api.w.org\/{rel}","templated":true}]}}