{"id":4360,"date":"2018-12-13T22:40:13","date_gmt":"2018-12-13T19:40:13","guid":{"rendered":"https:\/\/www.fener.org\/?p=4360"},"modified":"2018-12-13T23:36:31","modified_gmt":"2018-12-13T20:36:31","slug":"ttt-riga-68-64-fenerbahce","status":"publish","type":"post","link":"https:\/\/www.fener.org\/index.php\/2018\/12\/13\/ttt-riga-68-64-fenerbahce\/","title":{"rendered":"TTT Riga 68-64 Fenerbah\u00e7e"},"content":{"rendered":"<p>Sar\u0131-lacivertli ekibimiz, Kad\u0131nlar Euroleague B Grubu 6. hafta ma\u00e7\u0131nda Letonya temsilcisi TTT Riga ile Olympic Sports Centre\u2019da oynad\u0131\u011f\u0131 kar\u015f\u0131la\u015fmadan 68-64 ma\u011flup ayr\u0131ld\u0131.<\/p>\n<p>\u0130lk yar\u0131da sahada varl\u0131k g\u00f6steremeyen Fenerbah\u00e7emiz, \u00e7ift haneli say\u0131larda geriye d\u00fc\u015ft\u00fc\u011f\u00fc devreyi 34-24 geride tamamlad\u0131. \u00dc\u00e7\u00fcnc\u00fc periyotta ilk yar\u0131da att\u0131\u011f\u0131 say\u0131dan fazlas\u0131n\u0131 \u00fcreten Sar\u0131-Lacivertliler skoru dengeye getirse de, karar periyodunda sonuca ula\u015fan ev sahibi TTT Riga oldu.<\/p>\n<p>Riga\u2019da Amerikal\u0131 guard Peddy, m\u00fcthi\u015f bir performansla 25 say\u0131, 6 ribaunt, 6 asist, 5 top \u00e7alma performans\u0131 sergileyerek galibiyetin ba\u015f mimar\u0131 oldu. Fenerbah\u00e7e\u2019de ise Kelsey Plum 17 say\u0131 ile tak\u0131m\u0131n\u0131n en skorer isimi olurken, Verameyenka ise 10 say\u0131, 11 ribaunt \u00fcretti ancak galibiyet i\u00e7in yeterli olmad\u0131.<\/p>\n<p>Ekibimiz, bu sonu\u00e7la Kad\u0131nlar EuroLeague&#8217;de bu sezonki \u00fc\u00e7\u00fcnc\u00fc yenilgisini ald\u0131.<\/p>\n<p><strong>\u00c7eyrek skorlar\u0131:<\/strong><br \/>\n1. \u00c7eyrek: 16-11 (TTT Riga)<br \/>\n2. \u00c7eyrek: 18-13 (TTT Riga)<br \/>\n3. \u00c7eyrek: 12-22 (Fenerbah\u00e7e)<br \/>\n4. \u00c7eyrek: 22-18 (TTT Riga)<\/p>\n","protected":false},"excerpt":{"rendered":"<p>Sar\u0131-lacivertli ekibimiz, Kad\u0131nlar Euroleague B Grubu 6. hafta ma\u00e7\u0131nda Letonya temsilcisi TTT Riga ile Olympic Sports Centre\u2019da oynad\u0131\u011f\u0131 kar\u015f\u0131la\u015fmadan 68-64 ma\u011flup ayr\u0131ld\u0131. \u0130lk yar\u0131da sahada varl\u0131k g\u00f6steremeyen Fenerbah\u00e7emiz, \u00e7ift haneli say\u0131larda geriye d\u00fc\u015ft\u00fc\u011f\u00fc devreyi 34-24 geride tamamlad\u0131. \u00dc\u00e7\u00fcnc\u00fc periyotta ilk yar\u0131da att\u0131\u011f\u0131 say\u0131dan fazlas\u0131n\u0131 \u00fcreten Sar\u0131-Lacivertliler skoru dengeye getirse de, karar periyodunda sonuca ula\u015fan ev [&hellip;]<\/p>\n","protected":false},"author":1,"featured_media":4364,"comment_status":"closed","ping_status":"closed","sticky":false,"template":"","format":"standard","meta":{"jnews-multi-image_gallery":[],"jnews_single_post":{"subtitle":"Fenerbah\u00e7e Kad\u0131n Basketbol Tak\u0131m\u0131m\u0131z, Kad\u0131nlar Euroleague B Grubu 6. hafta ma\u00e7\u0131nda Letonya temsilcisi TTT Riga ile deplasmanda m\u00fccadele etti\u011fi kar\u015f\u0131la\u015fmadan ma\u011flup ayr\u0131ld\u0131.","format":"standard","video":"","gallery":"","source_name":"","source_url":"","via_name":"","via_url":"","override":[{"single_blog_custom":"","sidebar":"","second_sidebar":"","share_position":"","share_float_style":"","post_date_format":"","post_date_format_custom":"","number_popup_post":"1"}],"image_override":[{"single_post_thumbnail_size":"","single_post_gallery_size":""}],"trending_post_position":"","trending_post_label":""},"jnews_primary_category":{"id":"5"},"jnews_social_meta":[],"jnews_override_counter":{"view_counter_number":"0","share_counter_number":"0","like_counter_number":"0","dislike_counter_number":"0"},"footnotes":""},"categories":[5,2,7],"tags":[24,70,23],"class_list":["post-4360","post","type-post","status-publish","format-standard","has-post-thumbnail","hentry","category-basketbol","category-haberler","category-kadin-basketbol","tag-basketbol","tag-euroleaguewomen","tag-fenerbahce"],"amp_enabled":true,"_links":{"self":[{"href":"https:\/\/www.fener.org\/index.php\/wp-json\/wp\/v2\/posts\/4360","targetHints":{"allow":["GET"]}}],"collection":[{"href":"https:\/\/www.fener.org\/index.php\/wp-json\/wp\/v2\/posts"}],"about":[{"href":"https:\/\/www.fener.org\/index.php\/wp-json\/wp\/v2\/types\/post"}],"author":[{"embeddable":true,"href":"https:\/\/www.fener.org\/index.php\/wp-json\/wp\/v2\/users\/1"}],"replies":[{"embeddable":true,"href":"https:\/\/www.fener.org\/index.php\/wp-json\/wp\/v2\/comments?post=4360"}],"version-history":[{"count":3,"href":"https:\/\/www.fener.org\/index.php\/wp-json\/wp\/v2\/posts\/4360\/revisions"}],"predecessor-version":[{"id":4373,"href":"https:\/\/www.fener.org\/index.php\/wp-json\/wp\/v2\/posts\/4360\/revisions\/4373"}],"wp:featuredmedia":[{"embeddable":true,"href":"https:\/\/www.fener.org\/index.php\/wp-json\/wp\/v2\/media\/4364"}],"wp:attachment":[{"href":"https:\/\/www.fener.org\/index.php\/wp-json\/wp\/v2\/media?parent=4360"}],"wp:term":[{"taxonomy":"category","embeddable":true,"href":"https:\/\/www.fener.org\/index.php\/wp-json\/wp\/v2\/categories?post=4360"},{"taxonomy":"post_tag","embeddable":true,"href":"https:\/\/www.fener.org\/index.php\/wp-json\/wp\/v2\/tags?post=4360"}],"curies":[{"name":"wp","href":"https:\/\/api.w.org\/{rel}","templated":true}]}}