{"id":4318,"date":"2018-12-13T00:40:22","date_gmt":"2018-12-12T21:40:22","guid":{"rendered":"https:\/\/www.fener.org\/?p=4318"},"modified":"2018-12-13T00:40:31","modified_gmt":"2018-12-12T21:40:31","slug":"obradovic-salonumuza-donmekten-dolayi-buyuk-mutluluk-duyuyoruz","status":"publish","type":"post","link":"https:\/\/www.fener.org\/index.php\/2018\/12\/13\/obradovic-salonumuza-donmekten-dolayi-buyuk-mutluluk-duyuyoruz\/","title":{"rendered":"Obradovic: Salonumuza d\u00f6nmekten dolay\u0131 b\u00fcy\u00fck mutluluk duyuyoruz"},"content":{"rendered":"\n<p>Salonumuza d\u00f6nmekten duyduklar\u0131 mutlulu\u011fu dile getirerek s\u00f6ze ba\u015flayan Ba\u015fantren\u00f6r\u00fcm\u00fcz Zeljko Obradovic,<\/p>\n\n\n\n<blockquote class=\"wp-block-quote is-layout-flow wp-block-quote-is-layout-flow\"><p>\u201cDeplasmanda oynad\u0131\u011f\u0131m\u0131z ma\u00e7lardan sonra salonumuza d\u00f6necek olmaktan dolay\u0131 b\u00fcy\u00fck mutluluk duyuyoruz. \u00c7ok iyi bir rakibe kar\u015f\u0131 m\u00fccadele edece\u011fiz. \u00c7ok spesifik bir basketbol oynuyorlar. Elbette EuroLeague\u2019deki iyi gidi\u015fat\u0131m\u0131z\u0131 s\u00fcrd\u00fcrmek i\u00e7in konsantre olmal\u0131y\u0131z. Taraftarlar\u0131m\u0131z\u0131n salonda olarak bu yolda bize destek vermelerini istiyor ve kar\u015f\u0131la\u015fmay\u0131 izleyen herkesin m\u00fccadeleden keyif alabilmesini diliyoruz.\u201d<\/p><\/blockquote>\n\n\n\n<p>dedi.<\/p>\n","protected":false},"excerpt":{"rendered":"<p>Salonumuza d\u00f6nmekten duyduklar\u0131 mutlulu\u011fu dile getirerek s\u00f6ze ba\u015flayan Ba\u015fantren\u00f6r\u00fcm\u00fcz Zeljko Obradovic, \u201cDeplasmanda oynad\u0131\u011f\u0131m\u0131z ma\u00e7lardan sonra salonumuza d\u00f6necek olmaktan dolay\u0131 b\u00fcy\u00fck mutluluk duyuyoruz. \u00c7ok iyi bir rakibe kar\u015f\u0131 m\u00fccadele edece\u011fiz. \u00c7ok spesifik bir basketbol oynuyorlar. Elbette EuroLeague\u2019deki iyi gidi\u015fat\u0131m\u0131z\u0131 s\u00fcrd\u00fcrmek i\u00e7in konsantre olmal\u0131y\u0131z. Taraftarlar\u0131m\u0131z\u0131n salonda olarak bu yolda bize destek vermelerini istiyor ve kar\u015f\u0131la\u015fmay\u0131 izleyen herkesin [&hellip;]<\/p>\n","protected":false},"author":1,"featured_media":3088,"comment_status":"closed","ping_status":"closed","sticky":false,"template":"","format":"standard","meta":{"jnews-multi-image_gallery":[],"jnews_single_post":{"subtitle":"Fenerbah\u00e7e Erkek Basketbol Tak\u0131m\u0131m\u0131z\u0131n Ba\u015fantren\u00f6r\u00fc Zeljko Obradovic, Turkish Airlines EuroLeague 12. hafta ma\u00e7\u0131nda AX Armani Exhange Olimpia Milan ile kar\u015f\u0131la\u015faca\u011f\u0131 m\u00fccadele \u00f6ncesi kul\u00fcb\u00fcm\u00fcz\u00fcn resmi internet sitesine a\u00e7\u0131klamalarda bulundu.","format":"standard","video":"","gallery":"","source_name":"","source_url":"","via_name":"","via_url":"","override":[{"single_blog_custom":"","sidebar":"","second_sidebar":"","share_position":"","share_float_style":"","post_date_format":"","post_date_format_custom":"","number_popup_post":"1"}],"image_override":[{"single_post_thumbnail_size":"","single_post_gallery_size":""}],"trending_post_position":"","trending_post_label":""},"jnews_primary_category":{"id":"5"},"jnews_social_meta":[],"jnews_override_counter":{"view_counter_number":"0","share_counter_number":"0","like_counter_number":"0","dislike_counter_number":"0"},"footnotes":""},"categories":[5,6,2],"tags":[24,74,23,75],"class_list":["post-4318","post","type-post","status-publish","format-standard","has-post-thumbnail","hentry","category-basketbol","category-erkek-basketbol","category-haberler","tag-basketbol","tag-euroleague","tag-fenerbahce","tag-zeljkoobradovic"],"amp_enabled":true,"_links":{"self":[{"href":"https:\/\/www.fener.org\/index.php\/wp-json\/wp\/v2\/posts\/4318","targetHints":{"allow":["GET"]}}],"collection":[{"href":"https:\/\/www.fener.org\/index.php\/wp-json\/wp\/v2\/posts"}],"about":[{"href":"https:\/\/www.fener.org\/index.php\/wp-json\/wp\/v2\/types\/post"}],"author":[{"embeddable":true,"href":"https:\/\/www.fener.org\/index.php\/wp-json\/wp\/v2\/users\/1"}],"replies":[{"embeddable":true,"href":"https:\/\/www.fener.org\/index.php\/wp-json\/wp\/v2\/comments?post=4318"}],"version-history":[{"count":1,"href":"https:\/\/www.fener.org\/index.php\/wp-json\/wp\/v2\/posts\/4318\/revisions"}],"predecessor-version":[{"id":4319,"href":"https:\/\/www.fener.org\/index.php\/wp-json\/wp\/v2\/posts\/4318\/revisions\/4319"}],"wp:featuredmedia":[{"embeddable":true,"href":"https:\/\/www.fener.org\/index.php\/wp-json\/wp\/v2\/media\/3088"}],"wp:attachment":[{"href":"https:\/\/www.fener.org\/index.php\/wp-json\/wp\/v2\/media?parent=4318"}],"wp:term":[{"taxonomy":"category","embeddable":true,"href":"https:\/\/www.fener.org\/index.php\/wp-json\/wp\/v2\/categories?post=4318"},{"taxonomy":"post_tag","embeddable":true,"href":"https:\/\/www.fener.org\/index.php\/wp-json\/wp\/v2\/tags?post=4318"}],"curies":[{"name":"wp","href":"https:\/\/api.w.org\/{rel}","templated":true}]}}