{"id":4120,"date":"2018-12-08T16:04:33","date_gmt":"2018-12-08T13:04:33","guid":{"rendered":"https:\/\/www.fener.org\/?p=4120"},"modified":"2018-12-08T16:04:33","modified_gmt":"2018-12-08T13:04:33","slug":"canakkale-belediyesi-0-3-fenerbahce","status":"publish","type":"post","link":"https:\/\/www.fener.org\/index.php\/2018\/12\/08\/canakkale-belediyesi-0-3-fenerbahce\/","title":{"rendered":"\u00c7anakkale Belediyesi 0-3 Fenerbah\u00e7e"},"content":{"rendered":"<p>Sar\u0131 Melekler ba\u015ftan sona \u00fcst\u00fcn oynad\u0131\u011f\u0131 m\u00fccadeleyi 3-0 kazanarak ligdeki 6. galibiyetini ald\u0131. Kar\u015f\u0131la\u015fman\u0131n setleri 17-25, 17-25, 19-25 tamamland\u0131.<\/p>\n<p>Tak\u0131m\u0131m\u0131z ma\u00e7a Damla \u00c7ak\u0131ro\u011flu, Eda Erdem D\u00fcndar, Ana Antonijevic, Melissa Vargas, Ezgi Da\u011fdelenler, Samantha Bricio alt\u0131s\u0131 ve libero Melis Y\u0131lmaz ile ba\u015flad\u0131.<\/p>\n<p>Ev sahibi ekibin 5-1\u2019lik seriyle ba\u015flad\u0131\u011f\u0131 m\u00fccadelede Ba\u015fantren\u00f6r Zoran Terzic\u2019in molas\u0131n\u0131n ard\u0131ndan 7-9 \u00f6ne ge\u00e7en Sar\u0131 Melekler, rakibine mola ald\u0131rd\u0131. Mola sonras\u0131 9-9\u2019da tekrar e\u015fitlenen kar\u015f\u0131la\u015fmada Vargas\u2019\u0131n etkili oyunuyla teknik molaya 9-12\u2019lik skorla girildi. \u0130lerleyen b\u00f6l\u00fcmde fark\u0131 a\u00e7an Tak\u0131m\u0131m\u0131z, seti 17-25 kazand\u0131.<\/p>\n<p>\u0130lk sette oldu\u011fu gibi ikinci sete de iyi ba\u015flayan ev sahibi ekibe Vargas ve Bricio\u2019nun etkili h\u00fccumlar\u0131yla kar\u015f\u0131l\u0131k veren Sar\u0131 Melekler 6-6\u2019da yakalad\u0131\u011f\u0131 e\u015fitli\u011fin ard\u0131ndan teknik molaya 9-12 \u00f6nde girdi. Mola d\u00f6n\u00fc\u015f\u00fc oyun \u00fcst\u00fcnl\u00fc\u011f\u00fcn\u00fc rakibine bariz \u015fekilde kabul ettiren Fenerbah\u00e7emiz, seti 17-25 kazand\u0131.<\/p>\n<p>Kar\u015f\u0131l\u0131kl\u0131 say\u0131larla ba\u015flayan \u00fc\u00e7\u00fcnc\u00fc sette h\u00fccumda kaptan Eda\u2019yla fark yaratan ekibimiz skoru 1-5 yap\u0131nca ev sahibi ekipten mola geldi. Mola sonras\u0131 h\u00fccumlar\u0131n\u0131 hatas\u0131z s\u00fcrd\u00fcren Tak\u0131m\u0131m\u0131z, skor fark\u0131n\u0131 8\u2019e kadar y\u00fckseltti: 2-10. Teknik molas\u0131 6-12\u2019lik skorla ge\u00e7ilen bu setin kalan b\u00f6l\u00fcm\u00fcnde kontroll\u00fc oyununu s\u00fcrd\u00fcrd\u00fc ve seti 19-25, ma\u00e7\u0131 da 3-0 kazand\u0131.<\/p>\n<p><strong>Set skorlar\u0131:<\/strong><br \/>\n1. Set: 17-25 (Fenerbah\u00e7e)<br \/>\n2. Set: 17-25 (Fenerbah\u00e7e)<br \/>\n3. Set: 19-25 (Fenerbah\u00e7e)<\/p>\n","protected":false},"excerpt":{"rendered":"<p>Sar\u0131 Melekler ba\u015ftan sona \u00fcst\u00fcn oynad\u0131\u011f\u0131 m\u00fccadeleyi 3-0 kazanarak ligdeki 6. galibiyetini ald\u0131. Kar\u015f\u0131la\u015fman\u0131n setleri 17-25, 17-25, 19-25 tamamland\u0131. Tak\u0131m\u0131m\u0131z ma\u00e7a Damla \u00c7ak\u0131ro\u011flu, Eda Erdem D\u00fcndar, Ana Antonijevic, Melissa Vargas, Ezgi Da\u011fdelenler, Samantha Bricio alt\u0131s\u0131 ve libero Melis Y\u0131lmaz ile ba\u015flad\u0131. Ev sahibi ekibin 5-1\u2019lik seriyle ba\u015flad\u0131\u011f\u0131 m\u00fccadelede Ba\u015fantren\u00f6r Zoran Terzic\u2019in molas\u0131n\u0131n ard\u0131ndan 7-9 \u00f6ne [&hellip;]<\/p>\n","protected":false},"author":1,"featured_media":4121,"comment_status":"closed","ping_status":"closed","sticky":false,"template":"","format":"standard","meta":{"jnews-multi-image_gallery":[],"jnews_single_post":{"override_template":"0","override":[{"template":"1","single_blog_custom":"","parallax":"1","fullscreen":"0","layout":"right-sidebar","sidebar":"default-sidebar","second_sidebar":"default-sidebar","sticky_sidebar":"1","share_position":"top","share_float_style":"share-monocrhome","show_share_counter":"1","show_view_counter":"1","show_featured":"1","show_post_meta":"1","show_post_author":"1","show_post_author_image":"1","show_post_date":"1","post_date_format":"default","post_date_format_custom":"Y\/m\/d","show_post_category":"1","show_post_tag":"1","show_prev_next_post":"1","show_popup_post":"1","number_popup_post":"1","show_author_box":"0","show_post_related":"1","show_inline_post_related":"0"}],"override_image_size":"0","image_override":[{"single_post_thumbnail_size":"crop-500","single_post_gallery_size":"crop-500"}],"trending_post":"0","trending_post_position":"meta","trending_post_label":"Trending","subtitle":"Fenerbah\u00e7e Kad\u0131n Voleybol Tak\u0131m\u0131m\u0131z, Vestel Ven\u00fcs Sultanlar Ligi 8. hafta ma\u00e7\u0131nda \u00c7anakkale Belediyesi ile deplasmanda kar\u015f\u0131la\u015ft\u0131\u011f\u0131 m\u00fccadeleden galibiyetle ayr\u0131ld\u0131.","format":"standard"},"jnews_primary_category":{"id":"8"},"jnews_social_meta":{"fb_title":"","fb_description":"","fb_image":"","twitter_title":"","twitter_description":"","twitter_image":""},"jnews_override_counter":{"override_view_counter":"0","view_counter_number":"0","override_share_counter":"0","share_counter_number":"0","override_like_counter":"0","like_counter_number":"0","override_dislike_counter":"0","dislike_counter_number":"0"},"footnotes":""},"categories":[2,10,8],"tags":[23,29],"class_list":["post-4120","post","type-post","status-publish","format-standard","has-post-thumbnail","hentry","category-haberler","category-kadin-voleybol","category-voleybol","tag-fenerbahce","tag-voleybol"],"amp_enabled":true,"_links":{"self":[{"href":"https:\/\/www.fener.org\/index.php\/wp-json\/wp\/v2\/posts\/4120","targetHints":{"allow":["GET"]}}],"collection":[{"href":"https:\/\/www.fener.org\/index.php\/wp-json\/wp\/v2\/posts"}],"about":[{"href":"https:\/\/www.fener.org\/index.php\/wp-json\/wp\/v2\/types\/post"}],"author":[{"embeddable":true,"href":"https:\/\/www.fener.org\/index.php\/wp-json\/wp\/v2\/users\/1"}],"replies":[{"embeddable":true,"href":"https:\/\/www.fener.org\/index.php\/wp-json\/wp\/v2\/comments?post=4120"}],"version-history":[{"count":2,"href":"https:\/\/www.fener.org\/index.php\/wp-json\/wp\/v2\/posts\/4120\/revisions"}],"predecessor-version":[{"id":4123,"href":"https:\/\/www.fener.org\/index.php\/wp-json\/wp\/v2\/posts\/4120\/revisions\/4123"}],"wp:featuredmedia":[{"embeddable":true,"href":"https:\/\/www.fener.org\/index.php\/wp-json\/wp\/v2\/media\/4121"}],"wp:attachment":[{"href":"https:\/\/www.fener.org\/index.php\/wp-json\/wp\/v2\/media?parent=4120"}],"wp:term":[{"taxonomy":"category","embeddable":true,"href":"https:\/\/www.fener.org\/index.php\/wp-json\/wp\/v2\/categories?post=4120"},{"taxonomy":"post_tag","embeddable":true,"href":"https:\/\/www.fener.org\/index.php\/wp-json\/wp\/v2\/tags?post=4120"}],"curies":[{"name":"wp","href":"https:\/\/api.w.org\/{rel}","templated":true}]}}