{"id":4100,"date":"2018-12-08T01:30:15","date_gmt":"2018-12-07T22:30:15","guid":{"rendered":"https:\/\/www.fener.org\/?p=4100"},"modified":"2018-12-08T01:30:15","modified_gmt":"2018-12-07T22:30:15","slug":"obradovic-son-ceyrekte-cok-akilli-oynadik","status":"publish","type":"post","link":"https:\/\/www.fener.org\/index.php\/2018\/12\/08\/obradovic-son-ceyrekte-cok-akilli-oynadik\/","title":{"rendered":"Obradovic: Son \u00e7eyrekte \u00e7ok ak\u0131ll\u0131 oynad\u0131k"},"content":{"rendered":"<p>Fenerbah\u00e7e Erkek Basketbol Tak\u0131m\u0131m\u0131z\u0131n Ba\u015fantren\u00f6r\u00fc Zeljko Obradovic, deplasmanda kazan\u0131lan Panathinaikos ma\u00e7\u0131ndan sonra FB TV&#8217;ye a\u00e7\u0131klamalarda bulundu. Galibiyetin \u00f6nemine de\u011finen Obradovic, <\/p>\n<blockquote><p>&#8220;\u00c7ok zor bir ma\u00e7t\u0131. Panathinaikos \u00e7ok karakterli ve sonuna kadar sava\u015fan bir tak\u0131m. \u00c7ok agresif oynad\u0131lar. Sonu\u00e7 son 5 dakikada belli oldu. Bu da demek ki onlar\u0131n da kazanma \u015fans\u0131 vard\u0131. Tak\u0131mla ilgili beni mutlu eden \u015fu ana kadar ma\u00e7\u0131n en ba\u015f\u0131ndan en sonuna kadar sava\u015fmalar\u0131. Bu ma\u00e7ta 25 asist var; topu \u00e7ok iyi payla\u015ft\u0131k, \u00f6zellikle ikinci yar\u0131da. Savunmam\u0131z da 40 dakika boyunca \u00e7ok iyiydi. \u00d6zellikle son \u00e7eyrekte \u00e7ok ak\u0131ll\u0131 oyand\u0131k ve bu sayede ma\u00e7\u0131 kazand\u0131k. \u00c7ok \u00f6nemli bir galibiyet ama \u00f6n\u00fcm\u00fczde \u00e7ok ma\u00e7\u0131m\u0131z var. Tak\u0131m\u0131m\u0131 galibiyet i\u00e7in tebrik ediyorum. Panathinaikos\u2019u da performans\u0131 i\u00e7in tebrik ediyorum. \u00d6zel te\u015fekk\u00fcr de Y\u00f6netim Kurulu \u00dcyelerimize. Gelip bize destek oldular, bizimle birlikte oldular. Bir kere daha hat\u0131rlatmak istedim: Bir g\u00fcn sonra \u0130BB ile oynayaca\u011f\u0131z. Bu programda oynad\u0131\u011f\u0131m\u0131z her ma\u00e7 bizim i\u00e7in \u00e7ok \u00f6nemli ve \u00e7ok zor. Daha sonra evimizde EuroLeague ma\u00e7\u0131 var. Taraftarlar\u0131m\u0131z\u0131n bizi desteklemelerinin ne kadar \u00f6nemli oldu\u011funu hat\u0131rlatmak istedim.&#8221;<\/p><\/blockquote>\n<p> dedi.<\/p>\n","protected":false},"excerpt":{"rendered":"<p>Fenerbah\u00e7e Erkek Basketbol Tak\u0131m\u0131m\u0131z\u0131n Ba\u015fantren\u00f6r\u00fc Zeljko Obradovic, deplasmanda kazan\u0131lan Panathinaikos ma\u00e7\u0131ndan sonra FB TV&#8217;ye a\u00e7\u0131klamalarda bulundu. Galibiyetin \u00f6nemine de\u011finen Obradovic, &#8220;\u00c7ok zor bir ma\u00e7t\u0131. Panathinaikos \u00e7ok karakterli ve sonuna kadar sava\u015fan bir tak\u0131m. \u00c7ok agresif oynad\u0131lar. Sonu\u00e7 son 5 dakikada belli oldu. Bu da demek ki onlar\u0131n da kazanma \u015fans\u0131 vard\u0131. Tak\u0131mla ilgili beni mutlu [&hellip;]<\/p>\n","protected":false},"author":1,"featured_media":4101,"comment_status":"closed","ping_status":"closed","sticky":false,"template":"","format":"standard","meta":{"jnews-multi-image_gallery":[],"jnews_single_post":{"override_template":"0","override":[{"template":"1","single_blog_custom":"","parallax":"1","fullscreen":"0","layout":"right-sidebar","sidebar":"default-sidebar","second_sidebar":"default-sidebar","sticky_sidebar":"1","share_position":"top","share_float_style":"share-monocrhome","show_share_counter":"1","show_view_counter":"1","show_featured":"1","show_post_meta":"1","show_post_author":"1","show_post_author_image":"1","show_post_date":"1","post_date_format":"default","post_date_format_custom":"Y\/m\/d","show_post_category":"1","show_post_tag":"1","show_prev_next_post":"1","show_popup_post":"1","number_popup_post":"1","show_author_box":"0","show_post_related":"1","show_inline_post_related":"0"}],"override_image_size":"0","image_override":[{"single_post_thumbnail_size":"crop-500","single_post_gallery_size":"crop-500"}],"trending_post":"0","trending_post_position":"meta","trending_post_label":"Trending"},"jnews_primary_category":{"id":"5"},"jnews_social_meta":{"fb_title":"","fb_description":"","fb_image":"","twitter_title":"","twitter_description":"","twitter_image":""},"jnews_override_counter":{"override_view_counter":"0","view_counter_number":"0","override_share_counter":"0","share_counter_number":"0","override_like_counter":"0","like_counter_number":"0","override_dislike_counter":"0","dislike_counter_number":"0"},"footnotes":""},"categories":[5,6,2],"tags":[24,74,23,79,75],"class_list":["post-4100","post","type-post","status-publish","format-standard","has-post-thumbnail","hentry","category-basketbol","category-erkek-basketbol","category-haberler","tag-basketbol","tag-euroleague","tag-fenerbahce","tag-neverenough","tag-zeljkoobradovic"],"amp_enabled":true,"_links":{"self":[{"href":"https:\/\/www.fener.org\/index.php\/wp-json\/wp\/v2\/posts\/4100","targetHints":{"allow":["GET"]}}],"collection":[{"href":"https:\/\/www.fener.org\/index.php\/wp-json\/wp\/v2\/posts"}],"about":[{"href":"https:\/\/www.fener.org\/index.php\/wp-json\/wp\/v2\/types\/post"}],"author":[{"embeddable":true,"href":"https:\/\/www.fener.org\/index.php\/wp-json\/wp\/v2\/users\/1"}],"replies":[{"embeddable":true,"href":"https:\/\/www.fener.org\/index.php\/wp-json\/wp\/v2\/comments?post=4100"}],"version-history":[{"count":2,"href":"https:\/\/www.fener.org\/index.php\/wp-json\/wp\/v2\/posts\/4100\/revisions"}],"predecessor-version":[{"id":4103,"href":"https:\/\/www.fener.org\/index.php\/wp-json\/wp\/v2\/posts\/4100\/revisions\/4103"}],"wp:featuredmedia":[{"embeddable":true,"href":"https:\/\/www.fener.org\/index.php\/wp-json\/wp\/v2\/media\/4101"}],"wp:attachment":[{"href":"https:\/\/www.fener.org\/index.php\/wp-json\/wp\/v2\/media?parent=4100"}],"wp:term":[{"taxonomy":"category","embeddable":true,"href":"https:\/\/www.fener.org\/index.php\/wp-json\/wp\/v2\/categories?post=4100"},{"taxonomy":"post_tag","embeddable":true,"href":"https:\/\/www.fener.org\/index.php\/wp-json\/wp\/v2\/tags?post=4100"}],"curies":[{"name":"wp","href":"https:\/\/api.w.org\/{rel}","templated":true}]}}