{"id":3959,"date":"2018-12-05T01:30:57","date_gmt":"2018-12-04T22:30:57","guid":{"rendered":"https:\/\/www.fener.org\/?p=3959"},"modified":"2018-12-05T01:30:57","modified_gmt":"2018-12-04T22:30:57","slug":"obradovic-taraftarlara-bir-kez-daha-cagrida-bulundu","status":"publish","type":"post","link":"https:\/\/www.fener.org\/index.php\/2018\/12\/05\/obradovic-taraftarlara-bir-kez-daha-cagrida-bulundu\/","title":{"rendered":"Obradovic, taraftarlara bir kez daha \u00e7a\u011fr\u0131da bulundu"},"content":{"rendered":"<p>Taraftar deste\u011finin kazanmak i\u00e7in gerekli oldu\u011funu ve oyuncular\u0131n\u0131n bunu hak etti\u011fini vurgulayan Zeljko Obradovic,<\/p>\n<blockquote><p>\n&#8220;Taraftar\u0131m\u0131za seslenmek istiyorum. Durumumuzu anlamalar\u0131 i\u00e7in ve gelip tak\u0131ma destek olmalar\u0131n\u0131 istiyorum. Taraftar\u0131n deste\u011fi bizim i\u00e7in \u00e7ok \u00f6nemli. \u00d6n\u00fcm\u00fczde evimizde Milano ma\u00e7\u0131 var, Panathinaikos ve \u0130BB ile deplasmanda oynayaca\u011f\u0131z. Fikst\u00fcr\u00fcm\u00fcz\u00fcn zorlu oldu\u011funu biliyoruz. Senelerdir taraftar\u0131n bize verdi\u011fi deste\u011fi devam ettirmelerini istiyoruz. EuroLeague taraftar s\u0131ralamas\u0131nda 9. s\u0131raday\u0131z. Bilmiyorum, belki de bu taraftarlar\u0131m\u0131z\u0131n bize vermek istedi\u011fi bir mesajd\u0131r ama tak\u0131m\u0131n bu duruma d\u00fc\u015fmesini mi istiyorlar? Bizim tak\u0131m\u0131m\u0131z her \u015feyi kazanmak i\u00e7in sava\u015fan bir ekip ve bunun i\u00e7in de deste\u011fe ihtiyac\u0131n\u0131z var. 7 ya da 8 bin ki\u015filik bir destek de\u011fil. Hay\u0131r. Her ma\u00e7\u0131n tamamen dolu olmas\u0131 laz\u0131m, \u00e7\u00fcnk\u00fc oyuncular\u0131m bunu hak ediyor. Ve bundan sonra her kar\u015f\u0131la\u015fmada ger\u00e7ekten bunu g\u00f6rmek istiyorum. Hem ligde, hem de EuroLeague\u2019de. Bu bizim i\u00e7in \u00e7ok \u00f6nemli. \u0130nan\u0131yorum ki oyuncular\u0131m sadece bu sene yapt\u0131klar\u0131yla de\u011fil, her sene ba\u015fard\u0131klar\u0131yla bunu hak ediyor.T\u00fcrkiye Ligi\u2019nde de b\u00f6yle olmas\u0131 gerekiyor. Bug\u00fcn, bu sene yapt\u0131klar\u0131 i\u00e7in ve her sene yapt\u0131klar\u0131 i\u00e7in.&#8221;<\/p><\/blockquote>\n<p>ifadelerini kulland\u0131.<\/p>\n","protected":false},"excerpt":{"rendered":"<p>Taraftar deste\u011finin kazanmak i\u00e7in gerekli oldu\u011funu ve oyuncular\u0131n\u0131n bunu hak etti\u011fini vurgulayan Zeljko Obradovic, &#8220;Taraftar\u0131m\u0131za seslenmek istiyorum. Durumumuzu anlamalar\u0131 i\u00e7in ve gelip tak\u0131ma destek olmalar\u0131n\u0131 istiyorum. Taraftar\u0131n deste\u011fi bizim i\u00e7in \u00e7ok \u00f6nemli. \u00d6n\u00fcm\u00fczde evimizde Milano ma\u00e7\u0131 var, Panathinaikos ve \u0130BB ile deplasmanda oynayaca\u011f\u0131z. Fikst\u00fcr\u00fcm\u00fcz\u00fcn zorlu oldu\u011funu biliyoruz. Senelerdir taraftar\u0131n bize verdi\u011fi deste\u011fi devam ettirmelerini istiyoruz. [&hellip;]<\/p>\n","protected":false},"author":1,"featured_media":3960,"comment_status":"closed","ping_status":"closed","sticky":false,"template":"","format":"standard","meta":{"jnews-multi-image_gallery":[],"jnews_single_post":{"override_template":"0","override":[{"template":"1","single_blog_custom":"","parallax":"1","fullscreen":"0","layout":"right-sidebar","sidebar":"default-sidebar","second_sidebar":"default-sidebar","sticky_sidebar":"1","share_position":"top","share_float_style":"share-monocrhome","show_share_counter":"1","show_view_counter":"1","show_featured":"1","show_post_meta":"1","show_post_author":"1","show_post_author_image":"1","show_post_date":"1","post_date_format":"default","post_date_format_custom":"Y\/m\/d","show_post_category":"1","show_post_tag":"1","show_prev_next_post":"1","show_popup_post":"1","number_popup_post":"1","show_author_box":"0","show_post_related":"1","show_inline_post_related":"0"}],"override_image_size":"0","image_override":[{"single_post_thumbnail_size":"crop-500","single_post_gallery_size":"crop-500"}],"trending_post":"0","trending_post_position":"meta","trending_post_label":"Trending"},"jnews_primary_category":{"id":"5"},"jnews_social_meta":{"fb_title":"","fb_description":"","fb_image":"","twitter_title":"","twitter_description":"","twitter_image":""},"jnews_override_counter":{"override_view_counter":"0","view_counter_number":"0","override_share_counter":"0","share_counter_number":"0","override_like_counter":"0","like_counter_number":"0","override_dislike_counter":"0","dislike_counter_number":"0"},"footnotes":""},"categories":[5,6,2],"tags":[24,23,75],"class_list":["post-3959","post","type-post","status-publish","format-standard","has-post-thumbnail","hentry","category-basketbol","category-erkek-basketbol","category-haberler","tag-basketbol","tag-fenerbahce","tag-zeljkoobradovic"],"amp_enabled":true,"_links":{"self":[{"href":"https:\/\/www.fener.org\/index.php\/wp-json\/wp\/v2\/posts\/3959","targetHints":{"allow":["GET"]}}],"collection":[{"href":"https:\/\/www.fener.org\/index.php\/wp-json\/wp\/v2\/posts"}],"about":[{"href":"https:\/\/www.fener.org\/index.php\/wp-json\/wp\/v2\/types\/post"}],"author":[{"embeddable":true,"href":"https:\/\/www.fener.org\/index.php\/wp-json\/wp\/v2\/users\/1"}],"replies":[{"embeddable":true,"href":"https:\/\/www.fener.org\/index.php\/wp-json\/wp\/v2\/comments?post=3959"}],"version-history":[{"count":1,"href":"https:\/\/www.fener.org\/index.php\/wp-json\/wp\/v2\/posts\/3959\/revisions"}],"predecessor-version":[{"id":3961,"href":"https:\/\/www.fener.org\/index.php\/wp-json\/wp\/v2\/posts\/3959\/revisions\/3961"}],"wp:featuredmedia":[{"embeddable":true,"href":"https:\/\/www.fener.org\/index.php\/wp-json\/wp\/v2\/media\/3960"}],"wp:attachment":[{"href":"https:\/\/www.fener.org\/index.php\/wp-json\/wp\/v2\/media?parent=3959"}],"wp:term":[{"taxonomy":"category","embeddable":true,"href":"https:\/\/www.fener.org\/index.php\/wp-json\/wp\/v2\/categories?post=3959"},{"taxonomy":"post_tag","embeddable":true,"href":"https:\/\/www.fener.org\/index.php\/wp-json\/wp\/v2\/tags?post=3959"}],"curies":[{"name":"wp","href":"https:\/\/api.w.org\/{rel}","templated":true}]}}