{"id":3777,"date":"2018-11-30T20:48:34","date_gmt":"2018-11-30T17:48:34","guid":{"rendered":"https:\/\/www.fener.org\/?p=3777"},"modified":"2018-11-30T20:48:34","modified_gmt":"2018-11-30T17:48:34","slug":"u16-fenerbahce-34-48-galatasaray","status":"publish","type":"post","link":"https:\/\/www.fener.org\/index.php\/2018\/11\/30\/u16-fenerbahce-34-48-galatasaray\/","title":{"rendered":"U16: Fenerbah\u00e7e 34 &#8211; 48 Galatasaray"},"content":{"rendered":"<p>Fenerbah\u00e7e Y\u0131ld\u0131z K\u0131z Tak\u0131m\u0131m\u0131z 2\u0130stanbul U16 Y\u0131ld\u0131z K\u0131zlar Ligi&#8217;nin 7. Hafta m\u00fcsabakas\u0131nda Cafera\u011fa Spor Salonu&#8217;nda Galatasaray ile kar\u015f\u0131 kar\u015f\u0131ya geldi\u011fi m\u00fccadeleden 48-34\u2019l\u00fck skorla ma\u011flup ayr\u0131ld\u0131. Tak\u0131m\u0131m\u0131z bu sezonki ilk yenilgisini ald\u0131.<\/p>\n<p><strong>Fenerbah\u00e7e (34):<\/strong> Ay\u015fe Y\u0131lmaz 4, S\u0131la Naz Ba\u015f, Irmak G\u00fc\u00e7l\u00fc, Selen \u0130rem Ba\u015f 6, Tuana Asilt\u00fcrk 4, \u00c7a\u011fla Karatekin 11, Dilay Usta 6, Asl\u0131 \u00dcnl\u00fc, Yaren Vural 2, \u0130rem Erdik 1, Y\u0131ld\u0131z Neslihan Peker, Lal Lena Sincar<\/p>\n","protected":false},"excerpt":{"rendered":"<p>Fenerbah\u00e7e Y\u0131ld\u0131z K\u0131z Tak\u0131m\u0131m\u0131z 2\u0130stanbul U16 Y\u0131ld\u0131z K\u0131zlar Ligi&#8217;nin 7. Hafta m\u00fcsabakas\u0131nda Cafera\u011fa Spor Salonu&#8217;nda Galatasaray ile kar\u015f\u0131 kar\u015f\u0131ya geldi\u011fi m\u00fccadeleden 48-34\u2019l\u00fck skorla ma\u011flup ayr\u0131ld\u0131. Tak\u0131m\u0131m\u0131z bu sezonki ilk yenilgisini ald\u0131. Fenerbah\u00e7e (34): Ay\u015fe Y\u0131lmaz 4, S\u0131la Naz Ba\u015f, Irmak G\u00fc\u00e7l\u00fc, Selen \u0130rem Ba\u015f 6, Tuana Asilt\u00fcrk 4, \u00c7a\u011fla Karatekin 11, Dilay Usta 6, Asl\u0131 [&hellip;]<\/p>\n","protected":false},"author":1,"featured_media":1280,"comment_status":"closed","ping_status":"closed","sticky":false,"template":"","format":"standard","meta":{"jnews-multi-image_gallery":[],"jnews_single_post":{"override_template":"0","override":[{"template":"1","single_blog_custom":"","parallax":"1","fullscreen":"0","layout":"right-sidebar","sidebar":"default-sidebar","second_sidebar":"default-sidebar","sticky_sidebar":"1","share_position":"top","share_float_style":"share-monocrhome","show_share_counter":"1","show_view_counter":"1","show_featured":"1","show_post_meta":"1","show_post_author":"1","show_post_author_image":"1","show_post_date":"1","post_date_format":"default","post_date_format_custom":"Y\/m\/d","show_post_category":"1","show_post_tag":"1","show_prev_next_post":"1","show_popup_post":"1","number_popup_post":"1","show_author_box":"0","show_post_related":"1","show_inline_post_related":"0"}],"override_image_size":"0","image_override":[{"single_post_thumbnail_size":"crop-500","single_post_gallery_size":"crop-500"}],"trending_post":"0","trending_post_position":"meta","trending_post_label":"Trending"},"jnews_primary_category":{"id":"5"},"jnews_social_meta":{"fb_title":"","fb_description":"","fb_image":"","twitter_title":"","twitter_description":"","twitter_image":""},"jnews_override_counter":{"override_view_counter":"0","view_counter_number":"0","override_share_counter":"0","share_counter_number":"0","override_like_counter":"0","like_counter_number":"0","override_dislike_counter":"0","dislike_counter_number":"0"},"footnotes":""},"categories":[5,2,46],"tags":[24,23],"class_list":["post-3777","post","type-post","status-publish","format-standard","has-post-thumbnail","hentry","category-basketbol","category-haberler","category-kadin-basketbol-altyapi","tag-basketbol","tag-fenerbahce"],"amp_enabled":true,"_links":{"self":[{"href":"https:\/\/www.fener.org\/index.php\/wp-json\/wp\/v2\/posts\/3777","targetHints":{"allow":["GET"]}}],"collection":[{"href":"https:\/\/www.fener.org\/index.php\/wp-json\/wp\/v2\/posts"}],"about":[{"href":"https:\/\/www.fener.org\/index.php\/wp-json\/wp\/v2\/types\/post"}],"author":[{"embeddable":true,"href":"https:\/\/www.fener.org\/index.php\/wp-json\/wp\/v2\/users\/1"}],"replies":[{"embeddable":true,"href":"https:\/\/www.fener.org\/index.php\/wp-json\/wp\/v2\/comments?post=3777"}],"version-history":[{"count":1,"href":"https:\/\/www.fener.org\/index.php\/wp-json\/wp\/v2\/posts\/3777\/revisions"}],"predecessor-version":[{"id":3778,"href":"https:\/\/www.fener.org\/index.php\/wp-json\/wp\/v2\/posts\/3777\/revisions\/3778"}],"wp:featuredmedia":[{"embeddable":true,"href":"https:\/\/www.fener.org\/index.php\/wp-json\/wp\/v2\/media\/1280"}],"wp:attachment":[{"href":"https:\/\/www.fener.org\/index.php\/wp-json\/wp\/v2\/media?parent=3777"}],"wp:term":[{"taxonomy":"category","embeddable":true,"href":"https:\/\/www.fener.org\/index.php\/wp-json\/wp\/v2\/categories?post=3777"},{"taxonomy":"post_tag","embeddable":true,"href":"https:\/\/www.fener.org\/index.php\/wp-json\/wp\/v2\/tags?post=3777"}],"curies":[{"name":"wp","href":"https:\/\/api.w.org\/{rel}","templated":true}]}}