{"id":3769,"date":"2018-11-30T16:32:11","date_gmt":"2018-11-30T13:32:11","guid":{"rendered":"https:\/\/www.fener.org\/?p=3769"},"modified":"2018-11-30T16:32:11","modified_gmt":"2018-11-30T13:32:11","slug":"jan-vesely-obradovic-tekrar-basketbolu-sevdirdi","status":"publish","type":"post","link":"https:\/\/www.fener.org\/index.php\/2018\/11\/30\/jan-vesely-obradovic-tekrar-basketbolu-sevdirdi\/","title":{"rendered":"Jan Vesely: Obradovic tekrar basketbolu sevdirdi"},"content":{"rendered":"<p>R\u00f6portajdan \u00f6ne \u00e7\u0131kanlar \u015fu \u015fekilde:<\/p>\n<blockquote><p>&#8220;\u0130yi bir ba\u015flang\u0131\u00e7 yapt\u0131k fakat daha bir\u00e7ok ma\u00e7\u0131m\u0131z var ve \u00e7ok daha iyi olmal\u0131y\u0131z. Sonuna kadar sava\u015fmal\u0131y\u0131z ve playofflara iyi bir pozisyonda kalmal\u0131y\u0131z. Ko\u00e7 bize kendi mentalitesini, felsefesini \u00f6yle iyi aktard\u0131 ki kim giderse ya da kal\u0131rsa kals\u0131n ayn\u0131 \u015fekilde ba\u015far\u0131l\u0131 oluyor, seviyemizi koruyoruz. Her gelen oyuncu ayn\u0131 mentaliteyi kazan\u0131yor, bizim nas\u0131l \u00e7al\u0131\u015ft\u0131\u011f\u0131m\u0131z\u0131 g\u00f6r\u00fcyor. Ayn\u0131 seviyeye gelmek i\u00e7in onlar da h\u0131zl\u0131ca adapte olmak istiyorlar.&#8221;<\/p>\n<p>&#8220;Ko\u00e7 ile \u00e7ok iyi bir ili\u015fkimiz var. Bu basketboldan \u00f6te bir \u015fey. Birbirimizi \u00e7ok iyi anl\u0131yoruz. Bir sorunum oldu\u011funda ona gidebiliyorum ve onun tavsiyesini isteyebiliyorum. O her zaman yan\u0131m\u0131zda ve bize yard\u0131mc\u0131 olmaya \u00e7al\u0131\u015f\u0131yor. Ona \u00e7ok te\u015fekk\u00fcr ederim, zaten \u00e7ok uzun zamand\u0131r beraberiz ve bu y\u0131llarda da ili\u015fkimizi geli\u015ftirdik.&#8221;<\/p>\n<p>&#8220;T\u00fcrkiye\u2019ye gelmeden \u00f6nce ailem buradan ne bekleyece\u011fini bilmiyordu fakat ben hi\u00e7 b\u00f6yle \u015feyler hissetmedim. Fenerbah\u00e7e\u2018nin ne kadar b\u00fcy\u00fck bir kul\u00fcp oldu\u011funu biliyordum. Normal beklentilerim vard\u0131. Burada her \u015feye al\u0131\u015ft\u0131m. 5 y\u0131ld\u0131r hala T\u00fcrk\u00e7e \u00f6\u011frenemedim. Belki o\u011flumla birlikte ben de \u00f6\u011frenirim.&#8221;<\/p>\n<p>&#8220;Kostas Sloukas ile ger\u00e7ekten \u00f6zel bir ili\u015fkimiz var. Sahadaki iyi ili\u015fkimiz de saha d\u0131\u015f\u0131ndaki ili\u015fkimizden geliyor. Bu sahada daha iyi ileti\u015fim kurmam\u0131z\u0131 sa\u011fl\u0131yor. Birbirimizin ne istedi\u011fini sadece bak\u0131\u015farak anlayabiliyoruz.&#8221;<\/p>\n<p>&#8220;Ben ger\u00e7ekten FIBA ve EuroLeague aras\u0131ndaki kavga ile ilgilenmiyorum. Sava\u015fmak, kavga etmek istiyorlarsa edebilirler. Sonu\u00e7ta \u015fu noktada biz hi\u00e7bir \u015feyi de\u011fi\u015ftiremiyoruz. Yaz\u0131n D\u00fcnya Kupas\u0131 elemelerinde oynad\u0131m. Fenerbah\u00e7e benim patronum sonu\u00e7ta ben onlardan maa\u015f al\u0131yorum, o y\u00fczden benim sezon i\u00e7inde milli tak\u0131ma gitmem m\u00fcmk\u00fcn de\u011fil.&#8221;<\/p>\n<p>&#8220;\u015eu anda 5 numara oynamak bana daha rahat geliyor \u00e7\u00fcnk\u00fc bu pozisyonda oynuyorum burada. 3 numaral\u0131 pozisyonda da oynad\u0131\u011f\u0131m i\u00e7in \u015fu an tak\u0131m arkada\u015flar\u0131m\u0131n o pozisyonda nas\u0131l olabildi\u011fini daha rahat anl\u0131yorum. Kolay olmad\u0131\u011f\u0131n\u0131 biliyorum ve bu benim onlar\u0131 daha iyi anlamama yard\u0131mc\u0131 oluyor.&#8221;<\/p>\n<p>&#8220;Orta mesafe ve serbest at\u0131\u015f\u0131m konusunda yaz\u0131n \u00e7al\u0131\u015fmam oldu fakat \u00f6zellikle bunlar \u00fczerine de\u011fil. Daha \u00f6nce oldu\u011fundan biraz daha fazla \u00e7al\u0131\u015f\u0131yorum diyebilirim. Her ge\u00e7en y\u0131lda daha odakl\u0131 ve daha rahat olabilirim bu y\u00fczden y\u00fczdem de bir art\u0131\u015f var.&#8221;<\/p>\n<p>&#8220;Partizan\u2019da 3 numara oynad\u0131\u011f\u0131m i\u00e7in uzun \u015futlar ve at\u0131\u015flar kullanmam gerekiyordu. NBA\u2018deki s\u00fcrecim \u00e7ok mutlu olmad\u0131\u011f\u0131m bir s\u00fcre\u00e7ti. Serbest at\u0131\u015flarda da %20 gibi bir y\u00fczdem vard\u0131. Bunlar teknik de\u011fil daha \u00e7ok mental sebeplerdendi. Fenerbah\u00e7e\u2018ye geldi\u011fimde Obradovic bana bir \u015fans verdi ve tekrar basketbolu sevdirdi diyebilirim. NBA\u2018de bulundu\u011fum s\u00fcre\u00e7te basketboldan so\u011fumu\u015ftum ve \u00e7ok mutlu de\u011fildim. Bana 4-5 numaran\u0131n daha iyi uyaca\u011f\u0131n\u0131 d\u00fc\u015f\u00fcnd\u00fc ve \u015fu an uzun mesafe at\u0131\u015flar\u0131 da pek kullanmam gerekmiyor. Ama her sene kendimi geli\u015ftirdi\u011fim gibi bunda da ileride kendimi geli\u015ftirebilirim.&#8221;<\/p><\/blockquote>\n","protected":false},"excerpt":{"rendered":"<p>R\u00f6portajdan \u00f6ne \u00e7\u0131kanlar \u015fu \u015fekilde: &#8220;\u0130yi bir ba\u015flang\u0131\u00e7 yapt\u0131k fakat daha bir\u00e7ok ma\u00e7\u0131m\u0131z var ve \u00e7ok daha iyi olmal\u0131y\u0131z. Sonuna kadar sava\u015fmal\u0131y\u0131z ve playofflara iyi bir pozisyonda kalmal\u0131y\u0131z. Ko\u00e7 bize kendi mentalitesini, felsefesini \u00f6yle iyi aktard\u0131 ki kim giderse ya da kal\u0131rsa kals\u0131n ayn\u0131 \u015fekilde ba\u015far\u0131l\u0131 oluyor, seviyemizi koruyoruz. Her gelen oyuncu ayn\u0131 mentaliteyi kazan\u0131yor, [&hellip;]<\/p>\n","protected":false},"author":1,"featured_media":3770,"comment_status":"closed","ping_status":"closed","sticky":false,"template":"","format":"standard","meta":{"jnews-multi-image_gallery":[],"jnews_single_post":{"override_template":"0","override":[{"template":"1","single_blog_custom":"","parallax":"1","fullscreen":"0","layout":"right-sidebar","sidebar":"default-sidebar","second_sidebar":"default-sidebar","sticky_sidebar":"1","share_position":"top","share_float_style":"share-monocrhome","show_share_counter":"1","show_view_counter":"1","show_featured":"1","show_post_meta":"1","show_post_author":"1","show_post_author_image":"1","show_post_date":"1","post_date_format":"default","post_date_format_custom":"Y\/m\/d","show_post_category":"1","show_post_tag":"1","show_prev_next_post":"1","show_popup_post":"1","number_popup_post":"1","show_author_box":"0","show_post_related":"1","show_inline_post_related":"0"}],"override_image_size":"0","image_override":[{"single_post_thumbnail_size":"crop-500","single_post_gallery_size":"crop-500"}],"trending_post":"0","trending_post_position":"meta","trending_post_label":"Trending"},"jnews_primary_category":{"id":"4"},"jnews_social_meta":{"fb_title":"","fb_description":"","fb_image":"","twitter_title":"","twitter_description":"","twitter_image":""},"jnews_override_counter":{"override_view_counter":"0","view_counter_number":"0","override_share_counter":"0","share_counter_number":"0","override_like_counter":"0","like_counter_number":"0","override_dislike_counter":"0","dislike_counter_number":"0"},"footnotes":""},"categories":[5,6,2],"tags":[24,23,84],"class_list":["post-3769","post","type-post","status-publish","format-standard","has-post-thumbnail","hentry","category-basketbol","category-erkek-basketbol","category-haberler","tag-basketbol","tag-fenerbahce","tag-janvesely"],"amp_enabled":true,"_links":{"self":[{"href":"https:\/\/www.fener.org\/index.php\/wp-json\/wp\/v2\/posts\/3769","targetHints":{"allow":["GET"]}}],"collection":[{"href":"https:\/\/www.fener.org\/index.php\/wp-json\/wp\/v2\/posts"}],"about":[{"href":"https:\/\/www.fener.org\/index.php\/wp-json\/wp\/v2\/types\/post"}],"author":[{"embeddable":true,"href":"https:\/\/www.fener.org\/index.php\/wp-json\/wp\/v2\/users\/1"}],"replies":[{"embeddable":true,"href":"https:\/\/www.fener.org\/index.php\/wp-json\/wp\/v2\/comments?post=3769"}],"version-history":[{"count":1,"href":"https:\/\/www.fener.org\/index.php\/wp-json\/wp\/v2\/posts\/3769\/revisions"}],"predecessor-version":[{"id":3771,"href":"https:\/\/www.fener.org\/index.php\/wp-json\/wp\/v2\/posts\/3769\/revisions\/3771"}],"wp:featuredmedia":[{"embeddable":true,"href":"https:\/\/www.fener.org\/index.php\/wp-json\/wp\/v2\/media\/3770"}],"wp:attachment":[{"href":"https:\/\/www.fener.org\/index.php\/wp-json\/wp\/v2\/media?parent=3769"}],"wp:term":[{"taxonomy":"category","embeddable":true,"href":"https:\/\/www.fener.org\/index.php\/wp-json\/wp\/v2\/categories?post=3769"},{"taxonomy":"post_tag","embeddable":true,"href":"https:\/\/www.fener.org\/index.php\/wp-json\/wp\/v2\/tags?post=3769"}],"curies":[{"name":"wp","href":"https:\/\/api.w.org\/{rel}","templated":true}]}}