{"id":3741,"date":"2018-11-30T01:06:10","date_gmt":"2018-11-29T22:06:10","guid":{"rendered":"https:\/\/www.fener.org\/?p=3741"},"modified":"2018-11-30T01:06:10","modified_gmt":"2018-11-29T22:06:10","slug":"koeman-yanal-tezahuratlarini-umursamiyorum","status":"publish","type":"post","link":"https:\/\/www.fener.org\/index.php\/2018\/11\/30\/koeman-yanal-tezahuratlarini-umursamiyorum\/","title":{"rendered":"Koeman: Yanal tezah\u00fcratlar\u0131n\u0131 umursam\u0131yorum"},"content":{"rendered":"<p>Hollandal\u0131 \u00e7al\u0131\u015ft\u0131c\u0131, taraftar\u0131n Ersun Yanal&#8217;la ilgili yapt\u0131\u011f\u0131 tezah\u00fcratlar\u0131n\u0131 umursamad\u0131\u011f\u0131 s\u00f6yledi.<\/p>\n<p>Fenerbah\u00e7emizin, Dinamo Zagreb&#8217;le 0-0 berabere kald\u0131klar\u0131 ma\u00e7tan sonra d\u00fczenlenen bas\u0131n toplant\u0131s\u0131nda konu\u015fan Koeman, <\/p>\n<blockquote><p>&#8220;Bir sonraki tura ad\u0131m\u0131z\u0131 yazd\u0131rma hedefimizi ba\u015fard\u0131k. Agresif bir g\u00f6r\u00fcnt\u00fc ortaya koyduk. Gol atmakta ise hala zorlan\u0131yoruz. Bir \u00fcst tura ad\u0131m\u0131z\u0131 yazd\u0131rmak bizim i\u00e7in pozitif bir \u015fey.<\/p>\n<p>Gol atmakta zorlanmalar\u0131yla ilgili a\u00e7\u0131klama yapan Koeman, &#8220;Pozisyon \u00fcretiyoruz ama f\u0131rsatlar\u0131 gole \u00e7evirmek laz\u0131m. Bu durum i\u00e7in \u00e7ok \u00e7al\u0131\u015f\u0131yoruz. Sonu\u00e7ta futbolda kazanmak i\u00e7in gol atmak laz\u0131m.&#8221;<\/p><\/blockquote>\n<p>diye konu\u015ftu.<\/p>\n<p>Ma\u00e7ta oyuncu de\u011fi\u015fikli\u011fi yapmamas\u0131yla ilgili de konu\u015fan Hollandal\u0131 teknik adam, <\/p>\n<blockquote><p>&#8220;Bir yorgunluk s\u00f6z konusu de\u011fildi oyuncular\u0131mda. Bu tak\u0131m 90 dakika boyunca sahada kalmay\u0131 hak etti.&#8221;<\/p><\/blockquote>\n<p>de\u011ferlendirmesinde bulundu.<\/p>\n<p>Taraftar\u0131n Ersun Yanal&#8217;la ilgili yapt\u0131\u011f\u0131 tezah\u00fcratlar\u0131n sorulmas\u0131 \u00fczerine Koeman, <\/p>\n<blockquote><p>&#8220;Futbolda bir\u00e7ok sefer olmu\u015f \u015feyler bunlar. Ben bunu umursam\u0131yorum.&#8221;<\/p><\/blockquote>\n<p>ifadelerini kulland\u0131.<\/p>\n","protected":false},"excerpt":{"rendered":"<p>Hollandal\u0131 \u00e7al\u0131\u015ft\u0131c\u0131, taraftar\u0131n Ersun Yanal&#8217;la ilgili yapt\u0131\u011f\u0131 tezah\u00fcratlar\u0131n\u0131 umursamad\u0131\u011f\u0131 s\u00f6yledi. Fenerbah\u00e7emizin, Dinamo Zagreb&#8217;le 0-0 berabere kald\u0131klar\u0131 ma\u00e7tan sonra d\u00fczenlenen bas\u0131n toplant\u0131s\u0131nda konu\u015fan Koeman, &#8220;Bir sonraki tura ad\u0131m\u0131z\u0131 yazd\u0131rma hedefimizi ba\u015fard\u0131k. Agresif bir g\u00f6r\u00fcnt\u00fc ortaya koyduk. Gol atmakta ise hala zorlan\u0131yoruz. Bir \u00fcst tura ad\u0131m\u0131z\u0131 yazd\u0131rmak bizim i\u00e7in pozitif bir \u015fey. Gol atmakta zorlanmalar\u0131yla ilgili a\u00e7\u0131klama [&hellip;]<\/p>\n","protected":false},"author":1,"featured_media":3742,"comment_status":"closed","ping_status":"closed","sticky":false,"template":"","format":"standard","meta":{"jnews-multi-image_gallery":[],"jnews_single_post":{"override_template":"0","override":[{"template":"1","single_blog_custom":"","parallax":"1","fullscreen":"0","layout":"right-sidebar","sidebar":"default-sidebar","second_sidebar":"default-sidebar","sticky_sidebar":"1","share_position":"top","share_float_style":"share-monocrhome","show_share_counter":"1","show_view_counter":"1","show_featured":"1","show_post_meta":"1","show_post_author":"1","show_post_author_image":"1","show_post_date":"1","post_date_format":"default","post_date_format_custom":"Y\/m\/d","show_post_category":"1","show_post_tag":"1","show_prev_next_post":"1","show_popup_post":"1","number_popup_post":"1","show_author_box":"0","show_post_related":"1","show_inline_post_related":"0"}],"override_image_size":"0","image_override":[{"single_post_thumbnail_size":"crop-500","single_post_gallery_size":"crop-500"}],"trending_post":"0","trending_post_position":"meta","trending_post_label":"Trending"},"jnews_primary_category":{"id":"4"},"jnews_social_meta":{"fb_title":"","fb_description":"","fb_image":"","twitter_title":"","twitter_description":"","twitter_image":""},"jnews_override_counter":{"override_view_counter":"0","view_counter_number":"0","override_share_counter":"0","share_counter_number":"0","override_like_counter":"0","like_counter_number":"0","override_dislike_counter":"0","dislike_counter_number":"0"},"footnotes":""},"categories":[4,2,47],"tags":[72,23,54,71],"class_list":["post-3741","post","type-post","status-publish","format-standard","has-post-thumbnail","hentry","category-futbol","category-haberler","category-profesyonel-a-futbol-takimi","tag-erwinkoeman","tag-fenerbahce","tag-futbol","tag-uel"],"amp_enabled":true,"_links":{"self":[{"href":"https:\/\/www.fener.org\/index.php\/wp-json\/wp\/v2\/posts\/3741","targetHints":{"allow":["GET"]}}],"collection":[{"href":"https:\/\/www.fener.org\/index.php\/wp-json\/wp\/v2\/posts"}],"about":[{"href":"https:\/\/www.fener.org\/index.php\/wp-json\/wp\/v2\/types\/post"}],"author":[{"embeddable":true,"href":"https:\/\/www.fener.org\/index.php\/wp-json\/wp\/v2\/users\/1"}],"replies":[{"embeddable":true,"href":"https:\/\/www.fener.org\/index.php\/wp-json\/wp\/v2\/comments?post=3741"}],"version-history":[{"count":2,"href":"https:\/\/www.fener.org\/index.php\/wp-json\/wp\/v2\/posts\/3741\/revisions"}],"predecessor-version":[{"id":3744,"href":"https:\/\/www.fener.org\/index.php\/wp-json\/wp\/v2\/posts\/3741\/revisions\/3744"}],"wp:featuredmedia":[{"embeddable":true,"href":"https:\/\/www.fener.org\/index.php\/wp-json\/wp\/v2\/media\/3742"}],"wp:attachment":[{"href":"https:\/\/www.fener.org\/index.php\/wp-json\/wp\/v2\/media?parent=3741"}],"wp:term":[{"taxonomy":"category","embeddable":true,"href":"https:\/\/www.fener.org\/index.php\/wp-json\/wp\/v2\/categories?post=3741"},{"taxonomy":"post_tag","embeddable":true,"href":"https:\/\/www.fener.org\/index.php\/wp-json\/wp\/v2\/tags?post=3741"}],"curies":[{"name":"wp","href":"https:\/\/api.w.org\/{rel}","templated":true}]}}