{"id":3678,"date":"2018-11-28T21:17:28","date_gmt":"2018-11-28T18:17:28","guid":{"rendered":"https:\/\/www.fener.org\/?p=3678"},"modified":"2018-11-28T21:17:28","modified_gmt":"2018-11-28T18:17:28","slug":"dinamo-zagreb-maci-hazirliklari-tamamlandi-2","status":"publish","type":"post","link":"https:\/\/www.fener.org\/index.php\/2018\/11\/28\/dinamo-zagreb-maci-hazirliklari-tamamlandi-2\/","title":{"rendered":"Dinamo Zagreb ma\u00e7\u0131 haz\u0131rl\u0131klar\u0131 tamamland\u0131"},"content":{"rendered":"<p>Fenerbah\u00e7emiz, UEFA Avrupa Ligi D Grubu 5. hafta ma\u00e7\u0131nda\u00a0 kendi sahas\u0131nda oynayaca\u011f\u0131 ma\u00e7\u0131n haz\u0131rl\u0131klar\u0131n\u0131 ak\u015fam saatlerinde yapt\u0131\u011f\u0131 antrenmanla tamamlad\u0131.<\/p>\n<p>\u00dclker Stadyum \u015e\u00fckr\u00fc Sara\u00e7o\u011flu Spor Kompleksi\u2019nde, teknik sorumlumuz Erwin Koeman y\u00f6netiminde saat 18.00\u2019de ba\u015flayan antrenman\u0131n ilk 15 dakikas\u0131 bas\u0131na a\u00e7\u0131k ger\u00e7ekle\u015ftirildi.<\/p>\n<p>Is\u0131nma ve koordinasyon hareketleriyle ba\u015flayan antrenmanda futbolcular iki gruba ayr\u0131ld\u0131. 5\u2019e 2 top kapma ve pas \u00e7al\u0131\u015fmas\u0131yla devam eden antrenman taktiksel ve bireysel \u00e7al\u0131\u015fmalarla tamamland\u0131.<\/p>\n<p>Bu antrenmanla Dinamo Zagreb ma\u00e7\u0131n\u0131n hazr\u0131l\u0131klar\u0131n\u0131 tamamlayan Profesyonel Futbol Tak\u0131m\u0131m\u0131z , kampa girerek ma\u00e7 saatini beklemeye ba\u015flad\u0131.<\/p>\n<menu id=\"fcltHTML5Menu1\" type=\"context\"><\/menu>\n","protected":false},"excerpt":{"rendered":"<p>Fenerbah\u00e7emiz, UEFA Avrupa Ligi D Grubu 5. hafta ma\u00e7\u0131nda\u00a0 kendi sahas\u0131nda oynayaca\u011f\u0131 ma\u00e7\u0131n haz\u0131rl\u0131klar\u0131n\u0131 ak\u015fam saatlerinde yapt\u0131\u011f\u0131 antrenmanla tamamlad\u0131. \u00dclker Stadyum \u015e\u00fckr\u00fc Sara\u00e7o\u011flu Spor Kompleksi\u2019nde, teknik sorumlumuz Erwin Koeman y\u00f6netiminde saat 18.00\u2019de ba\u015flayan antrenman\u0131n ilk 15 dakikas\u0131 bas\u0131na a\u00e7\u0131k ger\u00e7ekle\u015ftirildi. Is\u0131nma ve koordinasyon hareketleriyle ba\u015flayan antrenmanda futbolcular iki gruba ayr\u0131ld\u0131. 5\u2019e 2 top kapma ve [&hellip;]<\/p>\n","protected":false},"author":1,"featured_media":3679,"comment_status":"closed","ping_status":"closed","sticky":false,"template":"","format":"standard","meta":{"jnews-multi-image_gallery":[],"jnews_single_post":{"override_template":"0","override":[{"template":"1","single_blog_custom":"","parallax":"1","fullscreen":"0","layout":"right-sidebar","sidebar":"default-sidebar","second_sidebar":"default-sidebar","sticky_sidebar":"1","share_position":"top","share_float_style":"share-monocrhome","show_share_counter":"1","show_view_counter":"1","show_featured":"1","show_post_meta":"1","show_post_author":"1","show_post_author_image":"1","show_post_date":"1","post_date_format":"default","post_date_format_custom":"Y\/m\/d","show_post_category":"1","show_post_tag":"1","show_prev_next_post":"1","show_popup_post":"1","number_popup_post":"1","show_author_box":"0","show_post_related":"1","show_inline_post_related":"0"}],"override_image_size":"0","image_override":[{"single_post_thumbnail_size":"crop-500","single_post_gallery_size":"crop-500"}],"trending_post":"0","trending_post_position":"meta","trending_post_label":"Trending"},"jnews_primary_category":{"id":""},"jnews_social_meta":{"fb_title":"","fb_description":"","fb_image":"","twitter_title":"","twitter_description":"","twitter_image":""},"jnews_override_counter":{"override_view_counter":"0","view_counter_number":"0","override_share_counter":"0","share_counter_number":"0","override_like_counter":"0","like_counter_number":"0","override_dislike_counter":"0","dislike_counter_number":"0"},"footnotes":""},"categories":[4,2,47],"tags":[23,54,71],"class_list":["post-3678","post","type-post","status-publish","format-standard","has-post-thumbnail","hentry","category-futbol","category-haberler","category-profesyonel-a-futbol-takimi","tag-fenerbahce","tag-futbol","tag-uel"],"amp_enabled":true,"_links":{"self":[{"href":"https:\/\/www.fener.org\/index.php\/wp-json\/wp\/v2\/posts\/3678","targetHints":{"allow":["GET"]}}],"collection":[{"href":"https:\/\/www.fener.org\/index.php\/wp-json\/wp\/v2\/posts"}],"about":[{"href":"https:\/\/www.fener.org\/index.php\/wp-json\/wp\/v2\/types\/post"}],"author":[{"embeddable":true,"href":"https:\/\/www.fener.org\/index.php\/wp-json\/wp\/v2\/users\/1"}],"replies":[{"embeddable":true,"href":"https:\/\/www.fener.org\/index.php\/wp-json\/wp\/v2\/comments?post=3678"}],"version-history":[{"count":1,"href":"https:\/\/www.fener.org\/index.php\/wp-json\/wp\/v2\/posts\/3678\/revisions"}],"predecessor-version":[{"id":3680,"href":"https:\/\/www.fener.org\/index.php\/wp-json\/wp\/v2\/posts\/3678\/revisions\/3680"}],"wp:featuredmedia":[{"embeddable":true,"href":"https:\/\/www.fener.org\/index.php\/wp-json\/wp\/v2\/media\/3679"}],"wp:attachment":[{"href":"https:\/\/www.fener.org\/index.php\/wp-json\/wp\/v2\/media?parent=3678"}],"wp:term":[{"taxonomy":"category","embeddable":true,"href":"https:\/\/www.fener.org\/index.php\/wp-json\/wp\/v2\/categories?post=3678"},{"taxonomy":"post_tag","embeddable":true,"href":"https:\/\/www.fener.org\/index.php\/wp-json\/wp\/v2\/tags?post=3678"}],"curies":[{"name":"wp","href":"https:\/\/api.w.org\/{rel}","templated":true}]}}