{"id":3670,"date":"2018-11-28T16:28:19","date_gmt":"2018-11-28T13:28:19","guid":{"rendered":"https:\/\/www.fener.org\/?p=3670"},"modified":"2018-11-28T16:28:19","modified_gmt":"2018-11-28T13:28:19","slug":"kulupler-birliginden-onemli-aciklama","status":"publish","type":"post","link":"https:\/\/www.fener.org\/index.php\/2018\/11\/28\/kulupler-birliginden-onemli-aciklama\/","title":{"rendered":"Kul\u00fcpler Birli\u011fi&#8217;nden \u00f6nemli a\u00e7\u0131klama"},"content":{"rendered":"<p>Kul\u00fcpler Birli\u011fi, TFF Ba\u015fkanvekili ve Milli Tak\u0131mlar Sorumlusu Sn. Ali D\u00fcr\u00fcst\u2019\u00fcn istifas\u0131n\u0131 geri almas\u0131 ve bu karar\u0131n ard\u0131ndan 24 saat ge\u00e7meden T\u00fcrkiye Futbol Federasyonu Merkez Hakem Komitesi&#8217;nin Galatasaray-Konyaspor m\u00fcsabakas\u0131 orta hakemi H\u00fcseyin G\u00f6\u00e7ek ve VAR Hakemi Halis \u00d6zkahya hakk\u0131nda ald\u0131\u011f\u0131 karara vurgu yaparak bir a\u00e7\u0131klama yay\u0131nlad\u0131.<\/p>\n<p>Kul\u00fcpler Birli\u011fi&#8217;nin yay\u0131nlad\u0131\u011f\u0131 a\u00e7\u0131klama \u015fu \u015fekilde:<\/p>\n<blockquote><p>T\u00fcrkiye Futbol Federasyonu Merkez Hakem Komitesi taraf\u0131ndan d\u00fcn sabah saatlerinde yap\u0131lan bas\u0131n a\u00e7\u0131klamas\u0131nda, Galatasaray-Konyaspor m\u00fcsabakas\u0131 orta hakemi H\u00fcseyin G\u00f6\u00e7ek ve VAR Hakemi Halis \u00d6zkahya\u2019n\u0131n performanslar\u0131n\u0131n yetersiz oldu\u011fu gerek\u00e7esiyle ikinci bir de\u011ferlendirmeye kadar &#8220;m\u00fcsabaka hakemli\u011fi ve VAR g\u00f6revlerine verilmemelerinin uygun bulundu\u011fu&#8221; bildirilmi\u015ftir.<\/p>\n<p>Ligimizde her daim hakem hatalar\u0131 olmu\u015ftur ve olacakt\u0131r. \u00c7\u00fcnk\u00fc insan\u0131n var oldu\u011fu her yerde hata da i\u015fin bir par\u00e7as\u0131d\u0131r. D\u00fcnyan\u0131n bir\u00e7ok liginde de hakemlerin performans\u0131na ba\u011fl\u0131 uygulamalar mevcuttur. Ki\u015fisel yetersizlik gibi \u00e7ok ola\u011fan ve be\u015feri gerek\u00e7elerle al\u0131nm\u0131\u015f g\u00f6z\u00fcken bu karar, ilk anda ilgili Kurulun g\u00f6rev ve yetki s\u0131n\u0131rlar\u0131nda ola\u011fan bir uygulama zannedilebilir. Ancak \u00f6zellikle Anadolu kul\u00fcplerine kar\u015f\u0131 yap\u0131lan \u00e7ok daha fahi\u015f hakem hatalar\u0131 kar\u015f\u0131s\u0131nda T\u00fcrkiye Futbol Federasyonu&#8217;nun bu defakine benzer refleks g\u00f6stermedi\u011fi ve benzeri kararlar almad\u0131\u011f\u0131 herkesin malumudur.<\/p>\n<p>\u00d6te yandan bu tasarrufun zamanlamas\u0131 ve uygulama bi\u00e7imi de dikkate al\u0131nd\u0131\u011f\u0131nda, yetki kapsam\u0131nda masum bir karar oldu\u011funa inanmak ve bunu savunmak, bu \u015fartlarda m\u00fcmk\u00fcn de\u011fildir. Zira ilgili m\u00fcsabakadan bir g\u00fcn sonra istifas\u0131n\u0131 a\u00e7\u0131klayan TFF Ba\u015fkanvekili ve Milli Tak\u0131mlar Sorumlusu Sn. Ali D\u00fcr\u00fcst\u2019\u00fcn, m\u00fcteakip 48 saat i\u00e7inde bilinmeyen nedenlerle \u2018Galatasaray\u2019a daha iyi hizmet edebilmek i\u00e7in\u2019 a\u00e7\u0131klamas\u0131yla bu karar\u0131ndan vazge\u00e7mesi ve daha bu geri d\u00f6n\u00fc\u015f\u00fcn \u00fczerinden 24 saat bile ge\u00e7memi\u015fken MHK\u2019n\u0131n alm\u0131\u015f oldu\u011fu karar, sadece rastlant\u0131 ile izah edilemeyecek bir durum olmakla birlikte, kamuoyunda \u201cbirilerine belirli taahh\u00fctler verildi\u011fi\u201d alg\u0131s\u0131 yaratm\u0131\u015ft\u0131r.<\/p>\n<p>Kamuoyunda olu\u015fan bu alg\u0131 T\u00fcrkiye Futbol Federasyonu ve Merkez Hakem Komitesi ile birlikte maalesef T\u00fcrk futboluna da \u00e7ok b\u00fcy\u00fck zarar vermektedir.<\/p>\n<p>T\u00fcrkiye Futbol Federasyonu\u2019nda g\u00f6rev alan hi\u00e7bir y\u00f6netici daha \u00f6nce y\u00f6neticisi oldu\u011fu kul\u00fcb\u00fcn haklar\u0131n\u0131 savunmak i\u00e7in Federasyon y\u00f6netiminde olamaz. Bu durum her tak\u0131ma e\u015fit mesafede ve adilce y\u00f6netilmesi gereken T\u00fcrk futbolu i\u00e7in asla kabul edilemez.<\/p>\n<p>Daha \u00f6nce \u00f6rne\u011fi ve uygulamas\u0131 olmayan bu olaylar zinciri kar\u015f\u0131s\u0131nda TFF ve \u00f6zellikle MHK\u2019n\u0131n ba\u011f\u0131ms\u0131z ve tarafs\u0131z hareket etti\u011fine inanmak ya da bu bask\u0131 alt\u0131nda b\u0131rak\u0131lan de\u011ferli hakemlerimizin, \u00f6zellikle s\u00f6z konusu tak\u0131m\u0131n m\u00fcsabakalar\u0131nda bundan sonra ba\u011f\u0131ms\u0131z kararlar verebilece\u011fine, adaleti istikrarl\u0131 bir \u015fekilde sa\u011flayabileceklerine inanmak m\u00fcmk\u00fcn de\u011fildir. Y\u0131llarca, belli tak\u0131mlar\u0131n ma\u00e7lar\u0131na verilemeyen hakemler konusu g\u00fcndemdeyken son yap\u0131lan uygulama s\u0131k\u0131nt\u0131y\u0131 daha ileri boyutlara ta\u015f\u0131m\u0131\u015ft\u0131r.<\/p>\n<p>G\u00fcven ve itimat duygusunun her t\u00fcrl\u00fc ili\u015fkinin temelinde yatt\u0131\u011f\u0131n\u0131 \u00f6nemle hat\u0131rlatarak, T\u00fcrk futbolunda g\u00fcven, hakkaniyet ve adil rekabeti tesis etmede bir numaral\u0131 sorumlu olan T\u00fcrkiye Futbol Federasyonu\u2019nun sergiledi\u011fi bu tutum ile g\u00fcven m\u00fcessesesine \u00e7ok ciddi zarar verdi\u011fini \u00fcz\u00fclerek g\u00f6r\u00fcyoruz.<\/p>\n<p>Son olarak belirtmeliyiz ki; bir camian\u0131n adalet de\u011fil ayr\u0131cal\u0131k talep etmesi T\u00fcrk futbolunun hak etti\u011fi adil y\u00f6netim ve e\u015fit \u015fartlarda m\u00fccadele etme f\u0131rsat\u0131 kar\u015f\u0131s\u0131ndaki en b\u00fcy\u00fck tehlikedir. T\u00fcrk futbol ailesi olarak; bu gibi ayr\u0131cal\u0131k taleplerinde bulunan\u0131n da, buna m\u00fcsaade edenin de kar\u015f\u0131s\u0131nda durulmal\u0131 ve t\u00fcm platformlarda gerekli \u015fekilde m\u00fccadele edilmelidir.<\/p>\n<p>Kul\u00fcpler Birli\u011fi Vakf\u0131 olarak S\u00fcper Lig\u2019deki 17 tak\u0131m\u0131n g\u00f6r\u00fc\u015f birli\u011fiyle hakemlerle ilgili al\u0131nan ve tek bir kul\u00fcb\u00fcn g\u00f6vde g\u00f6sterisi anlam\u0131na gelecek tarafl\u0131 bu kararlardan derhal geri ad\u0131m at\u0131lmas\u0131n\u0131 bekledi\u011fimizi ve geri ad\u0131m at\u0131lmad\u0131\u011f\u0131 takdirde de S\u00fcper Lig Kul\u00fcpleri ola\u011fan \u00fcst\u00fc toplan\u0131p T\u00fcrk futbolunun adil y\u00f6netilmesi i\u00e7in hep birlikte ortak bir ad\u0131m ataca\u011f\u0131m\u0131z\u0131 belirtiriz.<\/p>\n<p>Sayg\u0131lar\u0131m\u0131zla,<\/p>\n<p>Kul\u00fcpler Birli\u011fi Vakf\u0131<\/p><\/blockquote>\n","protected":false},"excerpt":{"rendered":"<p>Kul\u00fcpler Birli\u011fi, TFF Ba\u015fkanvekili ve Milli Tak\u0131mlar Sorumlusu Sn. Ali D\u00fcr\u00fcst\u2019\u00fcn istifas\u0131n\u0131 geri almas\u0131 ve bu karar\u0131n ard\u0131ndan 24 saat ge\u00e7meden T\u00fcrkiye Futbol Federasyonu Merkez Hakem Komitesi&#8217;nin Galatasaray-Konyaspor m\u00fcsabakas\u0131 orta hakemi H\u00fcseyin G\u00f6\u00e7ek ve VAR Hakemi Halis \u00d6zkahya hakk\u0131nda ald\u0131\u011f\u0131 karara vurgu yaparak bir a\u00e7\u0131klama yay\u0131nlad\u0131. Kul\u00fcpler Birli\u011fi&#8217;nin yay\u0131nlad\u0131\u011f\u0131 a\u00e7\u0131klama \u015fu \u015fekilde: T\u00fcrkiye Futbol Federasyonu [&hellip;]<\/p>\n","protected":false},"author":1,"featured_media":3671,"comment_status":"closed","ping_status":"closed","sticky":false,"template":"","format":"standard","meta":{"jnews-multi-image_gallery":[],"jnews_single_post":{"override_template":"0","override":[{"template":"1","single_blog_custom":"","parallax":"1","fullscreen":"0","layout":"right-sidebar","sidebar":"default-sidebar","second_sidebar":"default-sidebar","sticky_sidebar":"1","share_position":"top","share_float_style":"share-monocrhome","show_share_counter":"1","show_view_counter":"1","show_featured":"1","show_post_meta":"1","show_post_author":"1","show_post_author_image":"1","show_post_date":"1","post_date_format":"default","post_date_format_custom":"Y\/m\/d","show_post_category":"1","show_post_tag":"1","show_prev_next_post":"1","show_popup_post":"1","number_popup_post":"1","show_author_box":"0","show_post_related":"1","show_inline_post_related":"0"}],"override_image_size":"0","image_override":[{"single_post_thumbnail_size":"crop-500","single_post_gallery_size":"crop-500"}],"trending_post":"0","trending_post_position":"meta","trending_post_label":"Trending"},"jnews_primary_category":{"id":"3"},"jnews_social_meta":{"fb_title":"","fb_description":"","fb_image":"","twitter_title":"","twitter_description":"","twitter_image":""},"jnews_override_counter":{"override_view_counter":"0","view_counter_number":"0","override_share_counter":"0","share_counter_number":"0","override_like_counter":"0","like_counter_number":"0","override_dislike_counter":"0","dislike_counter_number":"0"},"footnotes":""},"categories":[2,3],"tags":[23],"class_list":["post-3670","post","type-post","status-publish","format-standard","has-post-thumbnail","hentry","category-haberler","category-kulup","tag-fenerbahce"],"amp_enabled":true,"_links":{"self":[{"href":"https:\/\/www.fener.org\/index.php\/wp-json\/wp\/v2\/posts\/3670","targetHints":{"allow":["GET"]}}],"collection":[{"href":"https:\/\/www.fener.org\/index.php\/wp-json\/wp\/v2\/posts"}],"about":[{"href":"https:\/\/www.fener.org\/index.php\/wp-json\/wp\/v2\/types\/post"}],"author":[{"embeddable":true,"href":"https:\/\/www.fener.org\/index.php\/wp-json\/wp\/v2\/users\/1"}],"replies":[{"embeddable":true,"href":"https:\/\/www.fener.org\/index.php\/wp-json\/wp\/v2\/comments?post=3670"}],"version-history":[{"count":1,"href":"https:\/\/www.fener.org\/index.php\/wp-json\/wp\/v2\/posts\/3670\/revisions"}],"predecessor-version":[{"id":3672,"href":"https:\/\/www.fener.org\/index.php\/wp-json\/wp\/v2\/posts\/3670\/revisions\/3672"}],"wp:featuredmedia":[{"embeddable":true,"href":"https:\/\/www.fener.org\/index.php\/wp-json\/wp\/v2\/media\/3671"}],"wp:attachment":[{"href":"https:\/\/www.fener.org\/index.php\/wp-json\/wp\/v2\/media?parent=3670"}],"wp:term":[{"taxonomy":"category","embeddable":true,"href":"https:\/\/www.fener.org\/index.php\/wp-json\/wp\/v2\/categories?post=3670"},{"taxonomy":"post_tag","embeddable":true,"href":"https:\/\/www.fener.org\/index.php\/wp-json\/wp\/v2\/tags?post=3670"}],"curies":[{"name":"wp","href":"https:\/\/api.w.org\/{rel}","templated":true}]}}