{"id":3658,"date":"2018-11-28T13:18:58","date_gmt":"2018-11-28T10:18:58","guid":{"rendered":"https:\/\/www.fener.org\/?p=3658"},"modified":"2018-11-28T13:18:58","modified_gmt":"2018-11-28T10:18:58","slug":"ayewin-yoklugunda-baris-sahada","status":"publish","type":"post","link":"https:\/\/www.fener.org\/index.php\/2018\/11\/28\/ayewin-yoklugunda-baris-sahada\/","title":{"rendered":"Ayew&#8217;in yoklu\u011funda Bar\u0131\u015f sahada"},"content":{"rendered":"<p>Fenerbah\u00e7e&#8217;de, Ganal\u0131 oyuncu Andre Ayew&#8217;in yoklu\u011funda sa\u011f kanatta Bar\u0131\u015f Al\u0131c\u0131 forma giyecek. 21 ya\u015f\u0131ndaki oyuncu, oyuna sonradan girdi\u011fi Trabzonspor ma\u00e7\u0131nda Michael Frey&#8217;in att\u0131\u011f\u0131 golde yapt\u0131\u011f\u0131 asistle skora katk\u0131 sa\u011flam\u0131\u015ft\u0131.<\/p>\n<p>Son lig ma\u00e7\u0131nda elinden sakatlanan Ayew&#8217;in sa\u011f el y\u00fcz\u00fck parma\u011f\u0131nda k\u0131r\u0131k tespit edilirken yakla\u015f\u0131k 3 hafta sahalardan uzak kalaca\u011f\u0131 belirtildi.<\/p>\n<p>Ayew, ligde 3 (Kas\u0131mpa\u015fa, Akhisar, Erzurum) kupa (Giresun, Giresun) ve Avrupa&#8217;da 2&#8217;\u015fer (D.Zagreb, S.Trnava) olmak \u00fczere toplam 7 ma\u00e7ta forma giymemesi bekleniyor.<\/p>\n","protected":false},"excerpt":{"rendered":"<p>Fenerbah\u00e7e&#8217;de, Ganal\u0131 oyuncu Andre Ayew&#8217;in yoklu\u011funda sa\u011f kanatta Bar\u0131\u015f Al\u0131c\u0131 forma giyecek. 21 ya\u015f\u0131ndaki oyuncu, oyuna sonradan girdi\u011fi Trabzonspor ma\u00e7\u0131nda Michael Frey&#8217;in att\u0131\u011f\u0131 golde yapt\u0131\u011f\u0131 asistle skora katk\u0131 sa\u011flam\u0131\u015ft\u0131. Son lig ma\u00e7\u0131nda elinden sakatlanan Ayew&#8217;in sa\u011f el y\u00fcz\u00fck parma\u011f\u0131nda k\u0131r\u0131k tespit edilirken yakla\u015f\u0131k 3 hafta sahalardan uzak kalaca\u011f\u0131 belirtildi. Ayew, ligde 3 (Kas\u0131mpa\u015fa, Akhisar, Erzurum) [&hellip;]<\/p>\n","protected":false},"author":1,"featured_media":3659,"comment_status":"closed","ping_status":"closed","sticky":false,"template":"","format":"standard","meta":{"jnews-multi-image_gallery":[],"jnews_single_post":{"override_template":"0","override":[{"template":"1","single_blog_custom":"","parallax":"1","fullscreen":"0","layout":"right-sidebar","sidebar":"default-sidebar","second_sidebar":"default-sidebar","sticky_sidebar":"1","share_position":"top","share_float_style":"share-monocrhome","show_share_counter":"1","show_view_counter":"1","show_featured":"1","show_post_meta":"1","show_post_author":"1","show_post_author_image":"1","show_post_date":"1","post_date_format":"default","post_date_format_custom":"Y\/m\/d","show_post_category":"1","show_post_tag":"1","show_prev_next_post":"1","show_popup_post":"1","number_popup_post":"1","show_author_box":"0","show_post_related":"1","show_inline_post_related":"0"}],"override_image_size":"0","image_override":[{"single_post_thumbnail_size":"crop-500","single_post_gallery_size":"crop-500"}],"trending_post":"0","trending_post_position":"meta","trending_post_label":"Trending"},"jnews_primary_category":{"id":"4"},"jnews_social_meta":{"fb_title":"","fb_description":"","fb_image":"","twitter_title":"","twitter_description":"","twitter_image":""},"jnews_override_counter":{"override_view_counter":"0","view_counter_number":"0","override_share_counter":"0","share_counter_number":"0","override_like_counter":"0","like_counter_number":"0","override_dislike_counter":"0","dislike_counter_number":"0"},"footnotes":""},"categories":[4,2,47],"tags":[],"class_list":["post-3658","post","type-post","status-publish","format-standard","has-post-thumbnail","hentry","category-futbol","category-haberler","category-profesyonel-a-futbol-takimi"],"amp_enabled":true,"_links":{"self":[{"href":"https:\/\/www.fener.org\/index.php\/wp-json\/wp\/v2\/posts\/3658","targetHints":{"allow":["GET"]}}],"collection":[{"href":"https:\/\/www.fener.org\/index.php\/wp-json\/wp\/v2\/posts"}],"about":[{"href":"https:\/\/www.fener.org\/index.php\/wp-json\/wp\/v2\/types\/post"}],"author":[{"embeddable":true,"href":"https:\/\/www.fener.org\/index.php\/wp-json\/wp\/v2\/users\/1"}],"replies":[{"embeddable":true,"href":"https:\/\/www.fener.org\/index.php\/wp-json\/wp\/v2\/comments?post=3658"}],"version-history":[{"count":1,"href":"https:\/\/www.fener.org\/index.php\/wp-json\/wp\/v2\/posts\/3658\/revisions"}],"predecessor-version":[{"id":3660,"href":"https:\/\/www.fener.org\/index.php\/wp-json\/wp\/v2\/posts\/3658\/revisions\/3660"}],"wp:featuredmedia":[{"embeddable":true,"href":"https:\/\/www.fener.org\/index.php\/wp-json\/wp\/v2\/media\/3659"}],"wp:attachment":[{"href":"https:\/\/www.fener.org\/index.php\/wp-json\/wp\/v2\/media?parent=3658"}],"wp:term":[{"taxonomy":"category","embeddable":true,"href":"https:\/\/www.fener.org\/index.php\/wp-json\/wp\/v2\/categories?post=3658"},{"taxonomy":"post_tag","embeddable":true,"href":"https:\/\/www.fener.org\/index.php\/wp-json\/wp\/v2\/tags?post=3658"}],"curies":[{"name":"wp","href":"https:\/\/api.w.org\/{rel}","templated":true}]}}