{"id":3638,"date":"2018-11-27T15:00:28","date_gmt":"2018-11-27T12:00:28","guid":{"rendered":"https:\/\/www.fener.org\/?p=3638"},"modified":"2018-11-27T15:00:28","modified_gmt":"2018-11-27T12:00:28","slug":"cengiz-durmus-dort-buyukleri-bu-lige-dahil-etmek-istiyoruz","status":"publish","type":"post","link":"https:\/\/www.fener.org\/index.php\/2018\/11\/27\/cengiz-durmus-dort-buyukleri-bu-lige-dahil-etmek-istiyoruz\/","title":{"rendered":"Cengiz Durmu\u015f: D\u00f6rt b\u00fcy\u00fckleri bu lige dahil etmek istiyoruz"},"content":{"rendered":"<p>T\u00fcrkiye Tenis Federasyonu Ba\u015fkan\u0131 Cengiz Durmu\u015f, &#8220;Tenisin T\u00fcrkiye&#8217;ye yay\u0131labilmesi ve zengin sporu alg\u0131s\u0131ndan kurtulabilmesi ad\u0131na iyi bir noktaya do\u011fru gidiyoruz.&#8221; dedi.<\/p>\n<p>Durmu\u015f, AA muhabirine, g\u00f6reve 2015&#8217;te se\u00e7ildiklerini hat\u0131rlatarak, \u00f6zellikle tenisi herkesin sporu haline getirmek i\u00e7in \u00e7al\u0131\u015ft\u0131klar\u0131n\u0131 s\u00f6yledi.<\/p>\n<p>Tenisin tabana yay\u0131labilmesi i\u00e7in yerel y\u00f6netimlerle i\u015f birli\u011fi i\u00e7inde hareket ettiklerini dile getiren Durmu\u015f, &#8220;Do\u011fu Ligi&#8217;nin ard\u0131ndan \u0130\u00e7 Anadolu ve Karadeniz&#8217;de de b\u00f6lgesel tenis ligleri ba\u015flad\u0131. Tenisin T\u00fcrkiye&#8217;ye yay\u0131labilmesi, zengin sporu alg\u0131s\u0131ndan kurtulabilmesi ad\u0131na iyi bir noktaya do\u011fru gidiyoruz.&#8221; ifadelerini kulland\u0131.<\/p>\n<p>Durmu\u015f, T\u00fcrkiye&#8217;nin &#8220;tenis \u00fclkesi&#8221; olarak an\u0131lmas\u0131n\u0131 hedeflediklerini vurgulayarak, \u015f\u00f6yle devam etti:<\/p>\n<p>&#8220;Her ge\u00e7en g\u00fcn bir kademe yukar\u0131 \u00e7\u0131k\u0131yoruz. Her \u00e7\u0131kt\u0131\u011f\u0131m\u0131z kademeden bir sonraki hedefimize ula\u015fmak i\u00e7in \u00e7aba sarf ediyoruz. Her zaman s\u00f6yledi\u011fim bir \u015fey var; yetmiyor, yetmeyecek. Biz hep ilerleyece\u011fiz, art\u0131raca\u011f\u0131z, b\u00fcy\u00fcyece\u011fiz. Ta ki &#8216;T\u00fcrkiye tenis \u00fclkesidir, d\u00fcnya taraf\u0131ndan bilinir tenis sporcular\u0131na sahiptir.&#8217; dedirtene kadar. Temelleri de biz atal\u0131m istiyoruz.&#8221;<\/p>\n<p>Federasyon olarak yapt\u0131klar\u0131n\u0131n camia taraf\u0131ndan mali genel kurulda takdir g\u00f6rd\u00fc\u011f\u00fcn\u00fc dile getiren Durmu\u015f, &#8220;Camiam\u0131za lay\u0131k olabilmek i\u00e7in \u00e7al\u0131\u015f\u0131yoruz. Camiam\u0131z da ayn\u0131 \u015fekilde kar\u015f\u0131l\u0131k verdi. \u015eu \u00e7ok \u00f6nemli, her madde oy \u00e7oklu\u011fuyla de\u011fil, oy birli\u011fiyle kabul edildi.&#8221; diye konu\u015ftu. <\/p>\n<p>Durmu\u015f, gelecek y\u0131ldan itibaren hayata ge\u00e7irilmesi planlanan T\u00fcrkiye Tenis Ligi&#8217;ne futbolun &#8220;D\u00f6rt b\u00fcy\u00fckleri&#8221; Fenerbah\u00e7e, Galatasaray, Be\u015fikta\u015f ve Trabzonspor&#8217;u da dahil etmek istediklerini s\u00f6yledi.<\/p>\n<p>Fenerbah\u00e7e Kul\u00fcb\u00fc Ba\u015fkan\u0131 Ali Ko\u00e7, Galatasaray Kul\u00fcb\u00fc Ba\u015fkan\u0131 Mustafa Cengiz, Trabzonspor Kul\u00fcb\u00fc Ba\u015fkan\u0131 Ahmet A\u011fao\u011flu ile g\u00f6r\u00fc\u015ft\u00fcklerini anlatan Durmu\u015f, Be\u015fikta\u015f Kul\u00fcb\u00fc Ba\u015fkan\u0131 Fikret Orman ile de ilerleyen g\u00fcnlerde bir araya geleceklerini belirtti.<\/p>\n<p>G\u00f6r\u00fc\u015fmelerin olumlu ge\u00e7ti\u011fini ifade eden Durmu\u015f, \u00e7ok \u00f6nemsedikleri T\u00fcrkiye Tenis Ligi&#8217;nde kul\u00fcpleri maddi s\u0131k\u0131nt\u0131ya sokmayacak bir \u00e7al\u0131\u015fma y\u00fcr\u00fctt\u00fcklerini kaydetti. <\/p>\n<p>Ba\u015fkan Durmu\u015f, 2018&#8217;de iyi bir sezon ge\u00e7iremeyen ve d\u00fcnya s\u0131ralamas\u0131nda gerilere d\u00fc\u015fen milli tenis\u00e7i \u00c7a\u011fla B\u00fcy\u00fckak\u00e7ay ve \u0130pek Soylu&#8217;nun yeniden y\u00fckseli\u015fe ge\u00e7ece\u011fine inand\u0131\u011f\u0131n\u0131 dile getirdi.<\/p>\n<p>Teniste s\u0131ralamalar\u0131n \u00e7ok \u00e7abuk de\u011fi\u015fti\u011fine i\u015faret eden Durmu\u015f, \u015f\u00f6yle devam etti:<\/p>\n<p>&#8220;\u00c7a\u011fla ve \u0130pek bizim gurur kayna\u011f\u0131m\u0131z, tenisin lokomotifi olan sporcular\u0131m\u0131z. Ancak Ba\u015fak, d\u00fcnya s\u0131ralamas\u0131nda hem \u00c7a\u011fla hem de \u0130pek&#8217;i ge\u00e7mi\u015f durumda. Arkalar\u0131ndan Ayla, Berfu, \u0130lay, Zeynep geliyor. \u00c7a\u011fla ve \u0130pek i\u00e7in s\u00f6yleyece\u011fim, takip edelim g\u00f6receksiniz, \u00e7ok k\u0131sa s\u00fcrede \u00e7ok b\u00fcy\u00fck y\u00fckseli\u015f g\u00f6sterecekler. D\u00fcnya s\u0131ralamas\u0131nda tekrar ilk 100&#8217;de sporcumuz olacak. Buna inan\u0131yoruz.&#8221; <\/p>\n<p>Yank\u0131 Erel&#8217;in bu y\u0131l Wimbledon&#8217;da gen\u00e7ler kategorisinde \u00e7iftlerde \u015fampiyonlu\u011fa ula\u015ft\u0131\u011f\u0131na dikkati \u00e7eken Durmu\u015f, &#8220;Gen\u00e7 yetene\u011fimiz, ba\u015far\u0131l\u0131 bir sporcumuz. \u00dclkemizde bir ilki ba\u015fard\u0131\u011f\u0131 i\u00e7in g\u00fcndeme geldi. Ayaklar\u0131 yere sa\u011flam bas\u0131yor. Ancak biz yine de s\u00fcrekli telkinde bulunuyoruz. Bunu ta\u015f\u0131yabilmek bazen zor oluyor. Gerek kendisi gerekse ailesi ve kul\u00fcb\u00fcyle s\u00fcrekli temas halinde olup \u00e7ocuklar\u0131m\u0131z\u0131 hedeflerinden \u015fa\u015fmayacak rotaya sokuyoruz.&#8221; ifadelerini kulland\u0131.<\/p>\n","protected":false},"excerpt":{"rendered":"<p>T\u00fcrkiye Tenis Federasyonu Ba\u015fkan\u0131 Cengiz Durmu\u015f, &#8220;Tenisin T\u00fcrkiye&#8217;ye yay\u0131labilmesi ve zengin sporu alg\u0131s\u0131ndan kurtulabilmesi ad\u0131na iyi bir noktaya do\u011fru gidiyoruz.&#8221; dedi. Durmu\u015f, AA muhabirine, g\u00f6reve 2015&#8217;te se\u00e7ildiklerini hat\u0131rlatarak, \u00f6zellikle tenisi herkesin sporu haline getirmek i\u00e7in \u00e7al\u0131\u015ft\u0131klar\u0131n\u0131 s\u00f6yledi. Tenisin tabana yay\u0131labilmesi i\u00e7in yerel y\u00f6netimlerle i\u015f birli\u011fi i\u00e7inde hareket ettiklerini dile getiren Durmu\u015f, &#8220;Do\u011fu Ligi&#8217;nin ard\u0131ndan \u0130\u00e7 [&hellip;]<\/p>\n","protected":false},"author":1,"featured_media":3639,"comment_status":"closed","ping_status":"closed","sticky":false,"template":"","format":"standard","meta":{"jnews-multi-image_gallery":[],"jnews_single_post":{"override_template":"0","override":[{"template":"1","single_blog_custom":"","parallax":"1","fullscreen":"0","layout":"right-sidebar","sidebar":"default-sidebar","second_sidebar":"default-sidebar","sticky_sidebar":"1","share_position":"top","share_float_style":"share-monocrhome","show_share_counter":"1","show_view_counter":"1","show_featured":"1","show_post_meta":"1","show_post_author":"1","show_post_author_image":"1","show_post_date":"1","post_date_format":"default","post_date_format_custom":"Y\/m\/d","show_post_category":"1","show_post_tag":"1","show_prev_next_post":"1","show_popup_post":"1","number_popup_post":"1","show_author_box":"0","show_post_related":"1","show_inline_post_related":"0"}],"override_image_size":"0","image_override":[{"single_post_thumbnail_size":"crop-500","single_post_gallery_size":"crop-500"}],"trending_post":"0","trending_post_position":"meta","trending_post_label":"Trending"},"jnews_primary_category":{"id":"3"},"jnews_social_meta":{"fb_title":"","fb_description":"","fb_image":"","twitter_title":"","twitter_description":"","twitter_image":""},"jnews_override_counter":{"override_view_counter":"0","view_counter_number":"0","override_share_counter":"0","share_counter_number":"0","override_like_counter":"0","like_counter_number":"0","override_dislike_counter":"0","dislike_counter_number":"0"},"footnotes":""},"categories":[2,3],"tags":[23],"class_list":["post-3638","post","type-post","status-publish","format-standard","has-post-thumbnail","hentry","category-haberler","category-kulup","tag-fenerbahce"],"amp_enabled":true,"_links":{"self":[{"href":"https:\/\/www.fener.org\/index.php\/wp-json\/wp\/v2\/posts\/3638","targetHints":{"allow":["GET"]}}],"collection":[{"href":"https:\/\/www.fener.org\/index.php\/wp-json\/wp\/v2\/posts"}],"about":[{"href":"https:\/\/www.fener.org\/index.php\/wp-json\/wp\/v2\/types\/post"}],"author":[{"embeddable":true,"href":"https:\/\/www.fener.org\/index.php\/wp-json\/wp\/v2\/users\/1"}],"replies":[{"embeddable":true,"href":"https:\/\/www.fener.org\/index.php\/wp-json\/wp\/v2\/comments?post=3638"}],"version-history":[{"count":1,"href":"https:\/\/www.fener.org\/index.php\/wp-json\/wp\/v2\/posts\/3638\/revisions"}],"predecessor-version":[{"id":3640,"href":"https:\/\/www.fener.org\/index.php\/wp-json\/wp\/v2\/posts\/3638\/revisions\/3640"}],"wp:featuredmedia":[{"embeddable":true,"href":"https:\/\/www.fener.org\/index.php\/wp-json\/wp\/v2\/media\/3639"}],"wp:attachment":[{"href":"https:\/\/www.fener.org\/index.php\/wp-json\/wp\/v2\/media?parent=3638"}],"wp:term":[{"taxonomy":"category","embeddable":true,"href":"https:\/\/www.fener.org\/index.php\/wp-json\/wp\/v2\/categories?post=3638"},{"taxonomy":"post_tag","embeddable":true,"href":"https:\/\/www.fener.org\/index.php\/wp-json\/wp\/v2\/tags?post=3638"}],"curies":[{"name":"wp","href":"https:\/\/api.w.org\/{rel}","templated":true}]}}