{"id":3621,"date":"2018-11-27T09:04:07","date_gmt":"2018-11-27T06:04:07","guid":{"rendered":"https:\/\/www.fener.org\/?p=3621"},"modified":"2018-11-27T09:04:07","modified_gmt":"2018-11-27T06:04:07","slug":"turkiye-yelken-federasyonu-ataturk-kupasi-yarislari-tamamlandi","status":"publish","type":"post","link":"https:\/\/www.fener.org\/index.php\/2018\/11\/27\/turkiye-yelken-federasyonu-ataturk-kupasi-yarislari-tamamlandi\/","title":{"rendered":"T\u00fcrkiye Yelken Federasyonu Atat\u00fcrk Kupas\u0131 Yar\u0131\u015flar\u0131 tamamland\u0131"},"content":{"rendered":"<p>TYF (T\u00fcrkiye Yelken Federasyonu) Atat\u00fcrk Kupas\u0131 Yar\u0131\u015flar\u0131, 19-24 Kas\u0131m 2018 tarihleri aras\u0131nda Yal\u0131kavak Yelken Kul\u00fcb\u00fc&#8217;n\u00fcn ev sahipli\u011finde d\u00fczenlendi.<\/p>\n<p>Bodrum&#8217;un Yal\u0131kavak il\u00e7esinde yap\u0131lan yar\u0131\u015flarda, Fenerbah\u00e7e Do\u011fu\u015f Yelken sporcular\u0131m\u0131z\u0131n 46 kul\u00fcpten 157 sporcunun ger ald\u0131\u011f\u0131 Laser Standart ve Laser Radial s\u0131n\u0131flar\u0131nda kazand\u0131\u011f\u0131 dereceler \u015fu \u015fekilde:<\/p>\n<p><strong>Laser Standart:<\/strong><br \/>\nBerkay Abay- Genel klasman 1., Gen\u00e7ler 1.<br \/>\nBarsgan D\u00f6kmeci-Gen\u00e7ler 3.<\/p>\n<p><strong>Laser Radial:<\/strong><br \/>\nYi\u011fit Yal\u00e7\u0131n \u00c7\u0131tak-Genel klasman 2., Gen\u00e7ler 1.<\/p>\n<p><img decoding=\"async\" src=\"https:\/\/www.fener.org\/xwebsites\/wp\/fener\/wp-content\/uploads\/2018\/11\/haber_yelken_AtaturkKupasi-yelkencilerimiz_20181127.jpg\" alt=\"TYF Atat\u00fcrk Kupas\u0131 Yar\u0131\u015flar\u0131 sona erdi\" width=\"538\" height=\"404\" class=\"alignnone size-full wp-image-3623\" srcset=\"https:\/\/www.fener.org\/xwebsites\/wp\/fener\/wp-content\/uploads\/2018\/11\/haber_yelken_AtaturkKupasi-yelkencilerimiz_20181127.jpg 538w, https:\/\/www.fener.org\/xwebsites\/wp\/fener\/wp-content\/uploads\/2018\/11\/haber_yelken_AtaturkKupasi-yelkencilerimiz_20181127-300x225.jpg 300w\" sizes=\"(max-width: 538px) 100vw, 538px\" \/><\/p>\n","protected":false},"excerpt":{"rendered":"<p>TYF (T\u00fcrkiye Yelken Federasyonu) Atat\u00fcrk Kupas\u0131 Yar\u0131\u015flar\u0131, 19-24 Kas\u0131m 2018 tarihleri aras\u0131nda Yal\u0131kavak Yelken Kul\u00fcb\u00fc&#8217;n\u00fcn ev sahipli\u011finde d\u00fczenlendi. Bodrum&#8217;un Yal\u0131kavak il\u00e7esinde yap\u0131lan yar\u0131\u015flarda, Fenerbah\u00e7e Do\u011fu\u015f Yelken sporcular\u0131m\u0131z\u0131n 46 kul\u00fcpten 157 sporcunun ger ald\u0131\u011f\u0131 Laser Standart ve Laser Radial s\u0131n\u0131flar\u0131nda kazand\u0131\u011f\u0131 dereceler \u015fu \u015fekilde: Laser Standart: Berkay Abay- Genel klasman 1., Gen\u00e7ler 1. Barsgan D\u00f6kmeci-Gen\u00e7ler 3. [&hellip;]<\/p>\n","protected":false},"author":1,"featured_media":3622,"comment_status":"closed","ping_status":"closed","sticky":false,"template":"","format":"standard","meta":{"jnews-multi-image_gallery":[],"jnews_single_post":{"override_template":"0","override":[{"template":"1","single_blog_custom":"","parallax":"1","fullscreen":"0","layout":"right-sidebar","sidebar":"default-sidebar","second_sidebar":"default-sidebar","sticky_sidebar":"1","share_position":"top","share_float_style":"share-monocrhome","show_share_counter":"1","show_view_counter":"1","show_featured":"1","show_post_meta":"1","show_post_author":"1","show_post_author_image":"1","show_post_date":"1","post_date_format":"default","post_date_format_custom":"Y\/m\/d","show_post_category":"1","show_post_tag":"1","show_prev_next_post":"1","show_popup_post":"1","number_popup_post":"1","show_author_box":"0","show_post_related":"1","show_inline_post_related":"0"}],"override_image_size":"0","image_override":[{"single_post_thumbnail_size":"crop-500","single_post_gallery_size":"crop-500"}],"trending_post":"0","trending_post_position":"meta","trending_post_label":"Trending"},"jnews_primary_category":{"id":"12"},"jnews_social_meta":{"fb_title":"","fb_description":"","fb_image":"","twitter_title":"","twitter_description":"","twitter_image":""},"jnews_override_counter":{"override_view_counter":"0","view_counter_number":"0","override_share_counter":"0","share_counter_number":"0","override_like_counter":"0","like_counter_number":"0","override_dislike_counter":"0","dislike_counter_number":"0"},"footnotes":""},"categories":[2,12],"tags":[23,31],"class_list":["post-3621","post","type-post","status-publish","format-standard","has-post-thumbnail","hentry","category-haberler","category-yelken","tag-fenerbahce","tag-yelken"],"amp_enabled":true,"_links":{"self":[{"href":"https:\/\/www.fener.org\/index.php\/wp-json\/wp\/v2\/posts\/3621","targetHints":{"allow":["GET"]}}],"collection":[{"href":"https:\/\/www.fener.org\/index.php\/wp-json\/wp\/v2\/posts"}],"about":[{"href":"https:\/\/www.fener.org\/index.php\/wp-json\/wp\/v2\/types\/post"}],"author":[{"embeddable":true,"href":"https:\/\/www.fener.org\/index.php\/wp-json\/wp\/v2\/users\/1"}],"replies":[{"embeddable":true,"href":"https:\/\/www.fener.org\/index.php\/wp-json\/wp\/v2\/comments?post=3621"}],"version-history":[{"count":1,"href":"https:\/\/www.fener.org\/index.php\/wp-json\/wp\/v2\/posts\/3621\/revisions"}],"predecessor-version":[{"id":3624,"href":"https:\/\/www.fener.org\/index.php\/wp-json\/wp\/v2\/posts\/3621\/revisions\/3624"}],"wp:featuredmedia":[{"embeddable":true,"href":"https:\/\/www.fener.org\/index.php\/wp-json\/wp\/v2\/media\/3622"}],"wp:attachment":[{"href":"https:\/\/www.fener.org\/index.php\/wp-json\/wp\/v2\/media?parent=3621"}],"wp:term":[{"taxonomy":"category","embeddable":true,"href":"https:\/\/www.fener.org\/index.php\/wp-json\/wp\/v2\/categories?post=3621"},{"taxonomy":"post_tag","embeddable":true,"href":"https:\/\/www.fener.org\/index.php\/wp-json\/wp\/v2\/tags?post=3621"}],"curies":[{"name":"wp","href":"https:\/\/api.w.org\/{rel}","templated":true}]}}