{"id":3616,"date":"2018-11-26T23:28:28","date_gmt":"2018-11-26T20:28:28","guid":{"rendered":"https:\/\/www.fener.org\/?p=3616"},"modified":"2018-11-26T23:28:28","modified_gmt":"2018-11-26T20:28:28","slug":"fenerbahceden-futbol-a-s-genel-kuruluyla-ilgili-duyuru","status":"publish","type":"post","link":"https:\/\/www.fener.org\/index.php\/2018\/11\/26\/fenerbahceden-futbol-a-s-genel-kuruluyla-ilgili-duyuru\/","title":{"rendered":"Fenerbah\u00e7e&#8217;den Futbol A.\u015e Genel Kuruluyla ilgili duyuru"},"content":{"rendered":"<p>Kul\u00fcb\u00fcm\u00fcz\u00fcn resmi internet sitesinden &#8216;FUTBOL A.\u015e GENEL KURULUMUZLA \u0130LG\u0130L\u0130 KAMUOYUNA DUYURU&#8217; ba\u015fl\u0131\u011f\u0131yla yap\u0131lan duyuru \u015fu \u015fekilde:<\/p>\n<blockquote><p>Fenerbah\u00e7e Futbol Anonim \u015eirketi\u2019nin 01.06.2017 \u2013 31.05.2018 \u00f6zel hesap d\u00f6nemine ait ertelenen Ola\u011fan Genel Kurul Toplant\u0131s\u0131, 26 Kas\u0131m 2018 tarihinde Fenerbah\u00e7e Spor Kul\u00fcb\u00fc Derne\u011fi ve di\u011fer de\u011ferli pay sahiplerinin kat\u0131l\u0131m\u0131yla ger\u00e7ekle\u015ftirilmi\u015ftir.<\/p>\n<p>Genel Kurul\u2019da, Fenerbah\u00e7e Spor Kul\u00fcb\u00fc Derne\u011fi taraf\u0131ndan eski icrac\u0131 Y\u00f6netim Kurulu \u00dcyelerinin \u015eirketin 01.06.2017 \u2013 31.05.2018 \u00f6zel hesap d\u00f6nemini kapsayan 2017 y\u0131l\u0131 faaliyetlerinden dolay\u0131 ibras\u0131 hususunda oy kullan\u0131lmay\u0131p \u00e7ekimser kal\u0131nm\u0131\u015ft\u0131r.<\/p>\n<p>Bilindi\u011fi \u00fczere, Fenerbah\u00e7e Futbol A.\u015e., son 5 faaliyet y\u0131l\u0131n\u0131 zararla kapatm\u0131\u015f bir \u015firkettir ve bu s\u00fcre zarf\u0131nda ba\u011f\u0131ms\u0131z denetim kurulu\u015flar\u0131 taraf\u0131ndan her sene haz\u0131rlanan ba\u011f\u0131ms\u0131z denetim raporlar\u0131nda \u015firketin borca bat\u0131k durumuna dikkat \u00e7ekilmi\u015ftir.<\/p>\n<p>Bu olumsuz emarelere ra\u011fmen ge\u00e7mi\u015f faaliyet y\u0131l\u0131nda eski icrac\u0131 Y\u00f6netim Kurulu \u00dcyeleri taraf\u0131ndan \u00f6nlemler al\u0131narak farkl\u0131 bir y\u00f6n \u00e7izildi\u011fi g\u00f6r\u00fclmemi\u015ftir. Bu nedenle ge\u00e7mi\u015f faaliyet y\u0131l\u0131nda Fenerbah\u00e7e Futbol A.\u015e.\u2019nin iyi y\u00f6netildi\u011fine dair somut g\u00f6r\u00fc\u015f olu\u015famam\u0131\u015ft\u0131r ve eski icrac\u0131 Y\u00f6netim Kurulu \u00dcyelerinin 01.06.2017 \u2013 31.05.2018 \u00f6zel hesap d\u00f6nemini kapsayan 2017 y\u0131l\u0131 faaliyetlerinden dolay\u0131 ibras\u0131 hususunda herhangi bir y\u00f6nde oy kullan\u0131lmayarak \u00e7ekimser kal\u0131nmas\u0131na karar verilmi\u015ftir.<\/p>\n<p>Bilgilerinize sunar\u0131z.<\/p>\n<p>Fenerbah\u00e7e Spor Kul\u00fcb\u00fc Derne\u011fi<\/p><\/blockquote>\n","protected":false},"excerpt":{"rendered":"<p>Kul\u00fcb\u00fcm\u00fcz\u00fcn resmi internet sitesinden &#8216;FUTBOL A.\u015e GENEL KURULUMUZLA \u0130LG\u0130L\u0130 KAMUOYUNA DUYURU&#8217; ba\u015fl\u0131\u011f\u0131yla yap\u0131lan duyuru \u015fu \u015fekilde: Fenerbah\u00e7e Futbol Anonim \u015eirketi\u2019nin 01.06.2017 \u2013 31.05.2018 \u00f6zel hesap d\u00f6nemine ait ertelenen Ola\u011fan Genel Kurul Toplant\u0131s\u0131, 26 Kas\u0131m 2018 tarihinde Fenerbah\u00e7e Spor Kul\u00fcb\u00fc Derne\u011fi ve di\u011fer de\u011ferli pay sahiplerinin kat\u0131l\u0131m\u0131yla ger\u00e7ekle\u015ftirilmi\u015ftir. Genel Kurul\u2019da, Fenerbah\u00e7e Spor Kul\u00fcb\u00fc Derne\u011fi taraf\u0131ndan eski [&hellip;]<\/p>\n","protected":false},"author":1,"featured_media":1378,"comment_status":"closed","ping_status":"closed","sticky":false,"template":"","format":"standard","meta":{"jnews-multi-image_gallery":[],"jnews_single_post":{"override_template":"0","override":[{"template":"1","single_blog_custom":"","parallax":"1","fullscreen":"0","layout":"right-sidebar","sidebar":"default-sidebar","second_sidebar":"default-sidebar","sticky_sidebar":"1","share_position":"top","share_float_style":"share-monocrhome","show_share_counter":"1","show_view_counter":"1","show_featured":"1","show_post_meta":"1","show_post_author":"1","show_post_author_image":"1","show_post_date":"1","post_date_format":"default","post_date_format_custom":"Y\/m\/d","show_post_category":"1","show_post_tag":"1","show_prev_next_post":"1","show_popup_post":"1","number_popup_post":"1","show_author_box":"0","show_post_related":"1","show_inline_post_related":"0"}],"override_image_size":"0","image_override":[{"single_post_thumbnail_size":"crop-500","single_post_gallery_size":"crop-500"}],"trending_post":"0","trending_post_position":"meta","trending_post_label":"Trending"},"jnews_primary_category":{"id":"3"},"jnews_social_meta":{"fb_title":"","fb_description":"","fb_image":"","twitter_title":"","twitter_description":"","twitter_image":""},"jnews_override_counter":{"override_view_counter":"0","view_counter_number":"0","override_share_counter":"0","share_counter_number":"0","override_like_counter":"0","like_counter_number":"0","override_dislike_counter":"0","dislike_counter_number":"0"},"footnotes":""},"categories":[2,3],"tags":[23],"class_list":["post-3616","post","type-post","status-publish","format-standard","has-post-thumbnail","hentry","category-haberler","category-kulup","tag-fenerbahce"],"amp_enabled":true,"_links":{"self":[{"href":"https:\/\/www.fener.org\/index.php\/wp-json\/wp\/v2\/posts\/3616","targetHints":{"allow":["GET"]}}],"collection":[{"href":"https:\/\/www.fener.org\/index.php\/wp-json\/wp\/v2\/posts"}],"about":[{"href":"https:\/\/www.fener.org\/index.php\/wp-json\/wp\/v2\/types\/post"}],"author":[{"embeddable":true,"href":"https:\/\/www.fener.org\/index.php\/wp-json\/wp\/v2\/users\/1"}],"replies":[{"embeddable":true,"href":"https:\/\/www.fener.org\/index.php\/wp-json\/wp\/v2\/comments?post=3616"}],"version-history":[{"count":1,"href":"https:\/\/www.fener.org\/index.php\/wp-json\/wp\/v2\/posts\/3616\/revisions"}],"predecessor-version":[{"id":3617,"href":"https:\/\/www.fener.org\/index.php\/wp-json\/wp\/v2\/posts\/3616\/revisions\/3617"}],"wp:featuredmedia":[{"embeddable":true,"href":"https:\/\/www.fener.org\/index.php\/wp-json\/wp\/v2\/media\/1378"}],"wp:attachment":[{"href":"https:\/\/www.fener.org\/index.php\/wp-json\/wp\/v2\/media?parent=3616"}],"wp:term":[{"taxonomy":"category","embeddable":true,"href":"https:\/\/www.fener.org\/index.php\/wp-json\/wp\/v2\/categories?post=3616"},{"taxonomy":"post_tag","embeddable":true,"href":"https:\/\/www.fener.org\/index.php\/wp-json\/wp\/v2\/tags?post=3616"}],"curies":[{"name":"wp","href":"https:\/\/api.w.org\/{rel}","templated":true}]}}