{"id":3610,"date":"2018-11-26T22:44:09","date_gmt":"2018-11-26T19:44:09","guid":{"rendered":"https:\/\/www.fener.org\/?p=3610"},"modified":"2018-11-26T22:48:31","modified_gmt":"2018-11-26T19:48:31","slug":"nabil-dirar-transferinde-olumlu-gelisme","status":"publish","type":"post","link":"https:\/\/www.fener.org\/index.php\/2018\/11\/26\/nabil-dirar-transferinde-olumlu-gelisme\/","title":{"rendered":"Nabil Dirar transferinde olumlu geli\u015fme"},"content":{"rendered":"<p>Fenerbah\u00e7emizin 2017 yaz transfer d\u00f6neminde kadrosuna katt\u0131\u011f\u0131 ve 2020 y\u0131l\u0131na kadar s\u00f6zle\u015fmesi bulunan Fasl\u0131 oyuncu Nabil Dirar Bel\u00e7ika&#8217;ya transfer olmak \u00fczere.<\/p>\n<p>K\u0131sa s\u00fcre \u00f6nce g\u00fcndeme gelen transfer iddialar\u0131n\u0131n ard\u0131ndan, Bel\u00e7ika&#8217;da yay\u0131n yapan spor sitesi RMC Sport muhabiri Sacha Tavolieri sosyal medya hesab\u0131ndan yapt\u0131\u011f\u0131 payla\u015f\u0131mda,<\/p>\n<blockquote><p>&#8220;Ge\u00e7en hafta T\u00fcrk bas\u0131n\u0131nda da belirtildi\u011fi gibi, Club Brugge ile Nabil Dirar aras\u0131ndaki g\u00f6r\u00fc\u015fmelerin ilerledi\u011fini teyit edebiliyorum. Fenerbah\u00e7e&#8217;deki antren\u00f6r\u00fc ile anla\u015famayan Dirar i\u00e7in kolayl\u0131k sa\u011flanacakt\u0131r&#8221;<\/p><\/blockquote>\n<p>ifadelerini kulland\u0131.<\/p>\n<p>Fenerbah\u00e7e&#8217;de kadro d\u0131\u015f\u0131 b\u0131rak\u0131lan isimlerden biri olan Nabil Dirar&#8217;\u0131n devre aras\u0131nda tak\u0131mdan g\u00f6nderilmesi planlan\u0131yordu.<\/p>\n","protected":false},"excerpt":{"rendered":"<p>Fenerbah\u00e7emizin 2017 yaz transfer d\u00f6neminde kadrosuna katt\u0131\u011f\u0131 ve 2020 y\u0131l\u0131na kadar s\u00f6zle\u015fmesi bulunan Fasl\u0131 oyuncu Nabil Dirar Bel\u00e7ika&#8217;ya transfer olmak \u00fczere. K\u0131sa s\u00fcre \u00f6nce g\u00fcndeme gelen transfer iddialar\u0131n\u0131n ard\u0131ndan, Bel\u00e7ika&#8217;da yay\u0131n yapan spor sitesi RMC Sport muhabiri Sacha Tavolieri sosyal medya hesab\u0131ndan yapt\u0131\u011f\u0131 payla\u015f\u0131mda, &#8220;Ge\u00e7en hafta T\u00fcrk bas\u0131n\u0131nda da belirtildi\u011fi gibi, Club Brugge ile Nabil [&hellip;]<\/p>\n","protected":false},"author":1,"featured_media":3611,"comment_status":"closed","ping_status":"closed","sticky":false,"template":"","format":"standard","meta":{"jnews-multi-image_gallery":[],"jnews_single_post":{"override_template":"0","override":[{"template":"1","single_blog_custom":"","parallax":"1","fullscreen":"0","layout":"right-sidebar","sidebar":"default-sidebar","second_sidebar":"default-sidebar","sticky_sidebar":"1","share_position":"top","share_float_style":"share-monocrhome","show_share_counter":"1","show_view_counter":"1","show_featured":"1","show_post_meta":"1","show_post_author":"1","show_post_author_image":"1","show_post_date":"1","post_date_format":"default","post_date_format_custom":"Y\/m\/d","show_post_category":"1","show_post_tag":"1","show_prev_next_post":"1","show_popup_post":"1","number_popup_post":"1","show_author_box":"0","show_post_related":"1","show_inline_post_related":"0"}],"override_image_size":"0","image_override":[{"single_post_thumbnail_size":"crop-500","single_post_gallery_size":"crop-500"}],"trending_post":"0","trending_post_position":"meta","trending_post_label":"Trending"},"jnews_primary_category":{"id":"4"},"jnews_social_meta":{"fb_title":"","fb_description":"","fb_image":"","twitter_title":"","twitter_description":"","twitter_image":""},"jnews_override_counter":{"override_view_counter":"0","view_counter_number":"0","override_share_counter":"0","share_counter_number":"0","override_like_counter":"0","like_counter_number":"0","override_dislike_counter":"0","dislike_counter_number":"0"},"footnotes":""},"categories":[4,2,47],"tags":[23,54,67],"class_list":["post-3610","post","type-post","status-publish","format-standard","has-post-thumbnail","hentry","category-futbol","category-haberler","category-profesyonel-a-futbol-takimi","tag-fenerbahce","tag-futbol","tag-nabildirar"],"amp_enabled":true,"_links":{"self":[{"href":"https:\/\/www.fener.org\/index.php\/wp-json\/wp\/v2\/posts\/3610","targetHints":{"allow":["GET"]}}],"collection":[{"href":"https:\/\/www.fener.org\/index.php\/wp-json\/wp\/v2\/posts"}],"about":[{"href":"https:\/\/www.fener.org\/index.php\/wp-json\/wp\/v2\/types\/post"}],"author":[{"embeddable":true,"href":"https:\/\/www.fener.org\/index.php\/wp-json\/wp\/v2\/users\/1"}],"replies":[{"embeddable":true,"href":"https:\/\/www.fener.org\/index.php\/wp-json\/wp\/v2\/comments?post=3610"}],"version-history":[{"count":4,"href":"https:\/\/www.fener.org\/index.php\/wp-json\/wp\/v2\/posts\/3610\/revisions"}],"predecessor-version":[{"id":3615,"href":"https:\/\/www.fener.org\/index.php\/wp-json\/wp\/v2\/posts\/3610\/revisions\/3615"}],"wp:featuredmedia":[{"embeddable":true,"href":"https:\/\/www.fener.org\/index.php\/wp-json\/wp\/v2\/media\/3611"}],"wp:attachment":[{"href":"https:\/\/www.fener.org\/index.php\/wp-json\/wp\/v2\/media?parent=3610"}],"wp:term":[{"taxonomy":"category","embeddable":true,"href":"https:\/\/www.fener.org\/index.php\/wp-json\/wp\/v2\/categories?post=3610"},{"taxonomy":"post_tag","embeddable":true,"href":"https:\/\/www.fener.org\/index.php\/wp-json\/wp\/v2\/tags?post=3610"}],"curies":[{"name":"wp","href":"https:\/\/api.w.org\/{rel}","templated":true}]}}