{"id":3605,"date":"2018-11-26T22:24:23","date_gmt":"2018-11-26T19:24:23","guid":{"rendered":"https:\/\/www.fener.org\/?p=3605"},"modified":"2018-11-26T22:26:10","modified_gmt":"2018-11-26T19:26:10","slug":"andre-ayewde-kirik","status":"publish","type":"post","link":"https:\/\/www.fener.org\/index.php\/2018\/11\/26\/andre-ayewde-kirik\/","title":{"rendered":"Andre Ayew&#8217;de k\u0131r\u0131k"},"content":{"rendered":"<p>Sar\u0131-lacivertli ekibimizde Andre Ayew, Trabzonspor m\u00fccadelesinin 32. dakikas\u0131nda yerde kalm\u0131\u015f ve ikili m\u00fccadele sonras\u0131 parma\u011f\u0131n\u0131 i\u015faret etmi\u015fti. Sahada k\u0131vranan Ganal\u0131 oyuncuya sa\u011fl\u0131k ekibi hemen m\u00fcdahale etti. Ac\u0131dan g\u00f6zya\u015flar\u0131n\u0131 tutamayan Ayew, kar\u015f\u0131la\u015fmaya bandajlanan eliyle devam etti. Bug\u00fcn yap\u0131lan kontrollerde sa\u011f el d\u00f6rd\u00fcnc\u00fc parma\u011f\u0131nda k\u0131r\u0131k tespit edildi.<\/p>\n<p>Tedavisine hem ba\u015flanan Ganal\u0131 y\u0131ld\u0131z\u0131n per\u015fembe g\u00fcn\u00fc oynanacak Dinamo Zagreb ma\u00e7\u0131nda oynay\u0131p oynamayaca\u011f\u0131 belirsiz.<\/p>\n","protected":false},"excerpt":{"rendered":"<p>Sar\u0131-lacivertli ekibimizde Andre Ayew, Trabzonspor m\u00fccadelesinin 32. dakikas\u0131nda yerde kalm\u0131\u015f ve ikili m\u00fccadele sonras\u0131 parma\u011f\u0131n\u0131 i\u015faret etmi\u015fti. Sahada k\u0131vranan Ganal\u0131 oyuncuya sa\u011fl\u0131k ekibi hemen m\u00fcdahale etti. Ac\u0131dan g\u00f6zya\u015flar\u0131n\u0131 tutamayan Ayew, kar\u015f\u0131la\u015fmaya bandajlanan eliyle devam etti. Bug\u00fcn yap\u0131lan kontrollerde sa\u011f el d\u00f6rd\u00fcnc\u00fc parma\u011f\u0131nda k\u0131r\u0131k tespit edildi. Tedavisine hem ba\u015flanan Ganal\u0131 y\u0131ld\u0131z\u0131n per\u015fembe g\u00fcn\u00fc oynanacak Dinamo Zagreb [&hellip;]<\/p>\n","protected":false},"author":1,"featured_media":3607,"comment_status":"closed","ping_status":"closed","sticky":false,"template":"","format":"standard","meta":{"jnews-multi-image_gallery":[],"jnews_single_post":{"override_template":"0","override":[{"template":"1","single_blog_custom":"","parallax":"1","fullscreen":"0","layout":"right-sidebar","sidebar":"default-sidebar","second_sidebar":"default-sidebar","sticky_sidebar":"1","share_position":"top","share_float_style":"share-monocrhome","show_share_counter":"1","show_view_counter":"1","show_featured":"1","show_post_meta":"1","show_post_author":"1","show_post_author_image":"1","show_post_date":"1","post_date_format":"default","post_date_format_custom":"Y\/m\/d","show_post_category":"1","show_post_tag":"1","show_prev_next_post":"1","show_popup_post":"1","number_popup_post":"1","show_author_box":"0","show_post_related":"1","show_inline_post_related":"0"}],"override_image_size":"0","image_override":[{"single_post_thumbnail_size":"crop-500","single_post_gallery_size":"crop-500"}],"trending_post":"0","trending_post_position":"meta","trending_post_label":"Trending"},"jnews_primary_category":{"id":"4"},"jnews_social_meta":{"fb_title":"","fb_description":"","fb_image":"","twitter_title":"","twitter_description":"","twitter_image":""},"jnews_override_counter":{"override_view_counter":"0","view_counter_number":"0","override_share_counter":"0","share_counter_number":"0","override_like_counter":"0","like_counter_number":"0","override_dislike_counter":"0","dislike_counter_number":"0"},"footnotes":""},"categories":[4,2,47],"tags":[66,23,54],"class_list":["post-3605","post","type-post","status-publish","format-standard","has-post-thumbnail","hentry","category-futbol","category-haberler","category-profesyonel-a-futbol-takimi","tag-andreayew","tag-fenerbahce","tag-futbol"],"amp_enabled":true,"_links":{"self":[{"href":"https:\/\/www.fener.org\/index.php\/wp-json\/wp\/v2\/posts\/3605","targetHints":{"allow":["GET"]}}],"collection":[{"href":"https:\/\/www.fener.org\/index.php\/wp-json\/wp\/v2\/posts"}],"about":[{"href":"https:\/\/www.fener.org\/index.php\/wp-json\/wp\/v2\/types\/post"}],"author":[{"embeddable":true,"href":"https:\/\/www.fener.org\/index.php\/wp-json\/wp\/v2\/users\/1"}],"replies":[{"embeddable":true,"href":"https:\/\/www.fener.org\/index.php\/wp-json\/wp\/v2\/comments?post=3605"}],"version-history":[{"count":2,"href":"https:\/\/www.fener.org\/index.php\/wp-json\/wp\/v2\/posts\/3605\/revisions"}],"predecessor-version":[{"id":3609,"href":"https:\/\/www.fener.org\/index.php\/wp-json\/wp\/v2\/posts\/3605\/revisions\/3609"}],"wp:featuredmedia":[{"embeddable":true,"href":"https:\/\/www.fener.org\/index.php\/wp-json\/wp\/v2\/media\/3607"}],"wp:attachment":[{"href":"https:\/\/www.fener.org\/index.php\/wp-json\/wp\/v2\/media?parent=3605"}],"wp:term":[{"taxonomy":"category","embeddable":true,"href":"https:\/\/www.fener.org\/index.php\/wp-json\/wp\/v2\/categories?post=3605"},{"taxonomy":"post_tag","embeddable":true,"href":"https:\/\/www.fener.org\/index.php\/wp-json\/wp\/v2\/tags?post=3605"}],"curies":[{"name":"wp","href":"https:\/\/api.w.org\/{rel}","templated":true}]}}