{"id":36,"date":"2018-08-11T06:35:55","date_gmt":"2018-08-11T03:35:55","guid":{"rendered":"https:\/\/www.fener.org\/?p=36"},"modified":"2018-08-11T06:35:55","modified_gmt":"2018-08-11T03:35:55","slug":"tahincioglu-basketbol-super-liginin-2018-2019-sezonu-fiksturu-belli-oldu","status":"publish","type":"post","link":"https:\/\/www.fener.org\/index.php\/2018\/08\/11\/tahincioglu-basketbol-super-liginin-2018-2019-sezonu-fiksturu-belli-oldu\/","title":{"rendered":"Tahincio\u011flu Basketbol S\u00fcper Ligi\u2019nin 2018-2019 Sezonu Fikst\u00fcr\u00fc belli oldu"},"content":{"rendered":"<p>Tahincio\u011flu Basketbol S\u00fcper Ligi Fikst\u00fcr\u00fc, \u0130stanbul&#8217;da Atak\u00f6y Sheraton Otel&#8217;de yap\u0131lan kura \u00e7ekili\u015fiyle belirlendi. Fikst\u00fcr \u00e7ekili\u015fine Fenerbah\u00e7e Spor Kul\u00fcb\u00fc ad\u0131na Fenerbah\u00e7e Erkek Basketbol Tak\u0131m\u0131&#8217;n\u0131n \u0130dari Menajeri Cenk Renda kat\u0131ld\u0131.<\/p>\n<p>6 Ekim&#8217;de ba\u015flayacak Tahincio\u011flu Basketbol S\u00fcper Ligi&#8217;nde Fenerbah\u00e7emiz, ilk hafta kendi evinde Be\u015fikta\u015f Sompo Japan tak\u0131m\u0131na kar\u015f\u0131 oynayacak. Ligin 5. haftas\u0131 Anadolu Efes&#8217;i konuk edecek Fenerbah\u00e7e Basketbol Tak\u0131m\u0131, 12. haftada Galatasaray ile deplasmanda kar\u015f\u0131 kar\u015f\u0131ya gelecek.<\/p>\n<p>Basketbol S\u00fcper Ligi Cumhurba\u015fkanl\u0131\u011f\u0131 Kupas\u0131 3 Ekim \u00c7ar\u015famba g\u00fcn\u00fc Fenerbah\u00e7e ve Anadolu Efes tak\u0131mlar\u0131 aras\u0131nda oynanacak. 20 Ocak 2019 Pazar g\u00fcn\u00fc All-Star etkinli\u011fi ger\u00e7ekle\u015fecek, T\u00fcrkiye Kupas\u0131 da 13 \u2013 17 \u015eubat 2019 tarihleri aras\u0131nda oynanacak.<\/p>\n<p>Fikst\u00fcr\u00fcn tamam\u0131 i\u00e7in t\u0131klay\u0131n\u0131z, &#8216;<a href=\"http:\/\/TBSL 2018-19 sezonu\" target=\"_blank\" rel=\"noopener\">TBSL 2018\/19 Sezonu<\/a>&#8216;<\/p>\n","protected":false},"excerpt":{"rendered":"<p>Tahincio\u011flu Basketbol S\u00fcper Ligi Fikst\u00fcr\u00fc, \u0130stanbul&#8217;da Atak\u00f6y Sheraton Otel&#8217;de yap\u0131lan kura \u00e7ekili\u015fiyle belirlendi. Fikst\u00fcr \u00e7ekili\u015fine Fenerbah\u00e7e Spor Kul\u00fcb\u00fc ad\u0131na Fenerbah\u00e7e Erkek Basketbol Tak\u0131m\u0131&#8217;n\u0131n \u0130dari Menajeri Cenk Renda kat\u0131ld\u0131. 6 Ekim&#8217;de ba\u015flayacak Tahincio\u011flu Basketbol S\u00fcper Ligi&#8217;nde Fenerbah\u00e7emiz, ilk hafta kendi evinde Be\u015fikta\u015f Sompo Japan tak\u0131m\u0131na kar\u015f\u0131 oynayacak. Ligin 5. haftas\u0131 Anadolu Efes&#8217;i konuk edecek Fenerbah\u00e7e Basketbol [&hellip;]<\/p>\n","protected":false},"author":1,"featured_media":37,"comment_status":"open","ping_status":"open","sticky":false,"template":"","format":"standard","meta":{"jnews-multi-image_gallery":[],"jnews_single_post":{"override_template":"0","override":[{"template":"1","parallax":"1","fullscreen":"0","layout":"right-sidebar","sidebar":"default-sidebar","second_sidebar":"default-sidebar","sticky_sidebar":"1","share_position":"top","share_float_style":"share-monocrhome","show_share_counter":"1","show_view_counter":"1","show_featured":"1","show_post_meta":"1","show_post_author":"1","show_post_author_image":"1","show_post_date":"1","post_date_format":"default","post_date_format_custom":"Y\/m\/d","show_post_category":"1","show_post_tag":"1","show_prev_next_post":"1","show_popup_post":"1","number_popup_post":"1","show_author_box":"0","show_post_related":"1","show_inline_post_related":"0"}],"override_image_size":"0","image_override":[{"single_post_thumbnail_size":"crop-500","single_post_gallery_size":"crop-500"}]},"jnews_primary_category":{"id":"5"},"jnews_social_meta":[],"jnews_override_counter":[],"footnotes":""},"categories":[5,6,2],"tags":[],"class_list":["post-36","post","type-post","status-publish","format-standard","has-post-thumbnail","hentry","category-basketbol","category-erkek-basketbol","category-haberler"],"amp_enabled":true,"_links":{"self":[{"href":"https:\/\/www.fener.org\/index.php\/wp-json\/wp\/v2\/posts\/36","targetHints":{"allow":["GET"]}}],"collection":[{"href":"https:\/\/www.fener.org\/index.php\/wp-json\/wp\/v2\/posts"}],"about":[{"href":"https:\/\/www.fener.org\/index.php\/wp-json\/wp\/v2\/types\/post"}],"author":[{"embeddable":true,"href":"https:\/\/www.fener.org\/index.php\/wp-json\/wp\/v2\/users\/1"}],"replies":[{"embeddable":true,"href":"https:\/\/www.fener.org\/index.php\/wp-json\/wp\/v2\/comments?post=36"}],"version-history":[{"count":1,"href":"https:\/\/www.fener.org\/index.php\/wp-json\/wp\/v2\/posts\/36\/revisions"}],"predecessor-version":[{"id":38,"href":"https:\/\/www.fener.org\/index.php\/wp-json\/wp\/v2\/posts\/36\/revisions\/38"}],"wp:featuredmedia":[{"embeddable":true,"href":"https:\/\/www.fener.org\/index.php\/wp-json\/wp\/v2\/media\/37"}],"wp:attachment":[{"href":"https:\/\/www.fener.org\/index.php\/wp-json\/wp\/v2\/media?parent=36"}],"wp:term":[{"taxonomy":"category","embeddable":true,"href":"https:\/\/www.fener.org\/index.php\/wp-json\/wp\/v2\/categories?post=36"},{"taxonomy":"post_tag","embeddable":true,"href":"https:\/\/www.fener.org\/index.php\/wp-json\/wp\/v2\/tags?post=36"}],"curies":[{"name":"wp","href":"https:\/\/api.w.org\/{rel}","templated":true}]}}