{"id":3594,"date":"2018-11-26T20:32:29","date_gmt":"2018-11-26T17:32:29","guid":{"rendered":"https:\/\/www.fener.org\/?p=3594"},"modified":"2018-11-26T20:32:29","modified_gmt":"2018-11-26T17:32:29","slug":"aziz-yildirim-ibra-edilmedi","status":"publish","type":"post","link":"https:\/\/www.fener.org\/index.php\/2018\/11\/26\/aziz-yildirim-ibra-edilmedi\/","title":{"rendered":"Aziz Y\u0131ld\u0131r\u0131m ibra edilmedi"},"content":{"rendered":"<p>Fenerbah\u00e7e Futbol A.\u015e.&#8217;nin bug\u00fcn yap\u0131lan ola\u011fan genel kurul toplant\u0131s\u0131nda eski y\u00f6netimde yer alan baz\u0131 y\u00f6neticiler ibra edilmedi. Eski ba\u015fkan Aziz Y\u0131ld\u0131r\u0131m ve y\u00f6neticiler Mahmut Uslu, Nihat \u00d6zba\u011f\u0131, Mithat Yenig\u00fcn, Ozan Balaban, \u00d6nder F\u0131rat ibra edilmedi.<\/p>\n<p>Kamuyu Ayd\u0131nlatma Platformunda (KAP) yer alan a\u00e7\u0131klamaya g\u00f6re, \u015firketin 1 Haziran 2017 &#8211; 31 May\u0131s 2018 aras\u0131 \u00f6zel hesap d\u00f6nemini kapsayan faaliyetlerinden dolay\u0131 y\u00f6netim kurulu \u00fcyelerinin ayr\u0131 ayr\u0131 ibras\u0131 pay sahiplerinin oylamas\u0131na sunuldu.<\/p>\n<p>Aziz Y\u0131ld\u0131r\u0131m, Mahmut Uslu, Nihat \u00d6zba\u011f\u0131, Mithat Yenig\u00fcn, Ozan Balaban ve \u00d6nder F\u0131rat bu hesap d\u00f6nemi i\u00e7indeki faaliyetlerinden dolay\u0131 ibras\u0131 i\u00e7in yeterli nisab\u0131n (\u00e7o\u011funlu\u011fun) sa\u011flanamamas\u0131 sebebiyle ibra edilmedi.<\/p>\n<p>Di\u011fer yandan, kul\u00fcb\u00fcn y\u00fcksek divan kurulu ba\u015fkan\u0131 olarak g\u00f6rev yapan Vefa K\u00fc\u00e7\u00fck ise ibra edildi.<\/p>\n","protected":false},"excerpt":{"rendered":"<p>Fenerbah\u00e7e Futbol A.\u015e.&#8217;nin bug\u00fcn yap\u0131lan ola\u011fan genel kurul toplant\u0131s\u0131nda eski y\u00f6netimde yer alan baz\u0131 y\u00f6neticiler ibra edilmedi. Eski ba\u015fkan Aziz Y\u0131ld\u0131r\u0131m ve y\u00f6neticiler Mahmut Uslu, Nihat \u00d6zba\u011f\u0131, Mithat Yenig\u00fcn, Ozan Balaban, \u00d6nder F\u0131rat ibra edilmedi. Kamuyu Ayd\u0131nlatma Platformunda (KAP) yer alan a\u00e7\u0131klamaya g\u00f6re, \u015firketin 1 Haziran 2017 &#8211; 31 May\u0131s 2018 aras\u0131 \u00f6zel hesap d\u00f6nemini [&hellip;]<\/p>\n","protected":false},"author":1,"featured_media":3595,"comment_status":"closed","ping_status":"closed","sticky":false,"template":"","format":"standard","meta":{"jnews-multi-image_gallery":[],"jnews_single_post":{"override_template":"0","override":[{"template":"1","single_blog_custom":"","parallax":"1","fullscreen":"0","layout":"right-sidebar","sidebar":"default-sidebar","second_sidebar":"default-sidebar","sticky_sidebar":"1","share_position":"top","share_float_style":"share-monocrhome","show_share_counter":"1","show_view_counter":"1","show_featured":"1","show_post_meta":"1","show_post_author":"1","show_post_author_image":"1","show_post_date":"1","post_date_format":"default","post_date_format_custom":"Y\/m\/d","show_post_category":"1","show_post_tag":"1","show_prev_next_post":"1","show_popup_post":"1","number_popup_post":"1","show_author_box":"0","show_post_related":"1","show_inline_post_related":"0"}],"override_image_size":"0","image_override":[{"single_post_thumbnail_size":"crop-500","single_post_gallery_size":"crop-500"}],"trending_post":"0","trending_post_position":"meta","trending_post_label":"Trending"},"jnews_primary_category":{"id":"3"},"jnews_social_meta":{"fb_title":"","fb_description":"","fb_image":"","twitter_title":"","twitter_description":"","twitter_image":""},"jnews_override_counter":{"override_view_counter":"0","view_counter_number":"0","override_share_counter":"0","share_counter_number":"0","override_like_counter":"0","like_counter_number":"0","override_dislike_counter":"0","dislike_counter_number":"0"},"footnotes":""},"categories":[2,3],"tags":[65,23,22],"class_list":["post-3594","post","type-post","status-publish","format-standard","has-post-thumbnail","hentry","category-haberler","category-kulup","tag-azizyildirim","tag-fenerbahce","tag-kulup"],"amp_enabled":true,"_links":{"self":[{"href":"https:\/\/www.fener.org\/index.php\/wp-json\/wp\/v2\/posts\/3594","targetHints":{"allow":["GET"]}}],"collection":[{"href":"https:\/\/www.fener.org\/index.php\/wp-json\/wp\/v2\/posts"}],"about":[{"href":"https:\/\/www.fener.org\/index.php\/wp-json\/wp\/v2\/types\/post"}],"author":[{"embeddable":true,"href":"https:\/\/www.fener.org\/index.php\/wp-json\/wp\/v2\/users\/1"}],"replies":[{"embeddable":true,"href":"https:\/\/www.fener.org\/index.php\/wp-json\/wp\/v2\/comments?post=3594"}],"version-history":[{"count":1,"href":"https:\/\/www.fener.org\/index.php\/wp-json\/wp\/v2\/posts\/3594\/revisions"}],"predecessor-version":[{"id":3596,"href":"https:\/\/www.fener.org\/index.php\/wp-json\/wp\/v2\/posts\/3594\/revisions\/3596"}],"wp:featuredmedia":[{"embeddable":true,"href":"https:\/\/www.fener.org\/index.php\/wp-json\/wp\/v2\/media\/3595"}],"wp:attachment":[{"href":"https:\/\/www.fener.org\/index.php\/wp-json\/wp\/v2\/media?parent=3594"}],"wp:term":[{"taxonomy":"category","embeddable":true,"href":"https:\/\/www.fener.org\/index.php\/wp-json\/wp\/v2\/categories?post=3594"},{"taxonomy":"post_tag","embeddable":true,"href":"https:\/\/www.fener.org\/index.php\/wp-json\/wp\/v2\/tags?post=3594"}],"curies":[{"name":"wp","href":"https:\/\/api.w.org\/{rel}","templated":true}]}}