{"id":3572,"date":"2018-11-26T13:13:49","date_gmt":"2018-11-26T10:13:49","guid":{"rendered":"https:\/\/www.fener.org\/?p=3572"},"modified":"2018-11-26T13:13:49","modified_gmt":"2018-11-26T10:13:49","slug":"aziz-yildirim-bu-iddialar-gercegi-yansitmamaktadir","status":"publish","type":"post","link":"https:\/\/www.fener.org\/index.php\/2018\/11\/26\/aziz-yildirim-bu-iddialar-gercegi-yansitmamaktadir\/","title":{"rendered":"Aziz Y\u0131ld\u0131r\u0131m: Bu iddialar ger\u00e7e\u011fi yans\u0131tmamaktad\u0131r"},"content":{"rendered":"<p>Aziz Y\u0131ld\u0131r\u0131m, Demir\u00f6ren Haber Ajans\u0131&#8217;na (DHA) yapt\u0131\u011f\u0131 yaz\u0131l\u0131 a\u00e7\u0131klamada \u015fu ifadeleri kulland\u0131:<\/p>\n<blockquote><p>&#8220;D\u00fcn Beyaz TV isimli kanalda, \u015fahs\u0131mla ilgili as\u0131ls\u0131z baz\u0131 iddialar ve \u00f6ng\u00f6r\u00fcler ortaya at\u0131lm\u0131\u015ft\u0131r. &#8216;Eski bir y\u00f6netici&#8217;nin a\u011fz\u0131ndan ortaya at\u0131lan iddialara g\u00f6re, \u015fahs\u0131m\u0131n Aral\u0131k ay\u0131nda baz\u0131 a\u00e7\u0131klamalar yapaca\u011f\u0131 ifade edilmektedir.<\/p>\n<p>Bu iddialar ger\u00e7e\u011fi yans\u0131tmamaktad\u0131r. Benim \u015fu an i\u00e7in herhangi bir konu\u015fma ya da deme\u00e7 plan\u0131m bulunmamaktad\u0131r. \u015eunu a\u00e7\u0131k\u00e7a belirtmek isterim ki, ge\u00e7ti\u011fimiz A\u011fustos ay\u0131nda NTV kanal\u0131na verdi\u011fim r\u00f6portajda, Fenerbah\u00e7e Spor Kul\u00fcb\u00fc ile ilgili hangi noktada isem, bug\u00fcn de ayn\u0131 noktaday\u0131m. O r\u00f6portajda belirtti\u011fim d\u00fc\u015f\u00fcnceler d\u0131\u015f\u0131nda, benimle ilgili yaz\u0131lan her t\u00fcrl\u00fc iddia ger\u00e7ek d\u0131\u015f\u0131d\u0131r. Bununla birlikte, onur ve \u015ferefle y\u00fcr\u00fctt\u00fc\u011f\u00fcm 20 y\u0131ll\u0131k Fenerbah\u00e7e Ba\u015fkanl\u0131k g\u00f6revi boyunca beni tan\u0131m\u0131\u015f olanlar bilirler ki, herhangi bir deme\u00e7 verme gibi bir plan\u0131m olursa, bunu 3&#8217;\u00fcnc\u00fc \u015fah\u0131slardan de\u011fil, bizzat benim a\u011fz\u0131mdan \u00f6\u011frenirsiniz. Dolay\u0131s\u0131yla, benim d\u0131\u015f\u0131mda herhangi bir kaynaktan gelen bilgiye sorgusuz sualsiz itibar edilmemesini rica ederim.&#8221;<\/p><\/blockquote>\n","protected":false},"excerpt":{"rendered":"<p>Aziz Y\u0131ld\u0131r\u0131m, Demir\u00f6ren Haber Ajans\u0131&#8217;na (DHA) yapt\u0131\u011f\u0131 yaz\u0131l\u0131 a\u00e7\u0131klamada \u015fu ifadeleri kulland\u0131: &#8220;D\u00fcn Beyaz TV isimli kanalda, \u015fahs\u0131mla ilgili as\u0131ls\u0131z baz\u0131 iddialar ve \u00f6ng\u00f6r\u00fcler ortaya at\u0131lm\u0131\u015ft\u0131r. &#8216;Eski bir y\u00f6netici&#8217;nin a\u011fz\u0131ndan ortaya at\u0131lan iddialara g\u00f6re, \u015fahs\u0131m\u0131n Aral\u0131k ay\u0131nda baz\u0131 a\u00e7\u0131klamalar yapaca\u011f\u0131 ifade edilmektedir. Bu iddialar ger\u00e7e\u011fi yans\u0131tmamaktad\u0131r. Benim \u015fu an i\u00e7in herhangi bir konu\u015fma ya da [&hellip;]<\/p>\n","protected":false},"author":1,"featured_media":3573,"comment_status":"closed","ping_status":"closed","sticky":false,"template":"","format":"standard","meta":{"jnews-multi-image_gallery":[],"jnews_single_post":{"override_template":"0","override":[{"template":"1","single_blog_custom":"","parallax":"1","fullscreen":"0","layout":"right-sidebar","sidebar":"default-sidebar","second_sidebar":"default-sidebar","sticky_sidebar":"1","share_position":"top","share_float_style":"share-monocrhome","show_share_counter":"1","show_view_counter":"1","show_featured":"1","show_post_meta":"1","show_post_author":"1","show_post_author_image":"1","show_post_date":"1","post_date_format":"default","post_date_format_custom":"Y\/m\/d","show_post_category":"1","show_post_tag":"1","show_prev_next_post":"1","show_popup_post":"1","number_popup_post":"1","show_author_box":"0","show_post_related":"1","show_inline_post_related":"0"}],"override_image_size":"0","image_override":[{"single_post_thumbnail_size":"crop-500","single_post_gallery_size":"crop-500"}],"trending_post":"0","trending_post_position":"meta","trending_post_label":"Trending"},"jnews_primary_category":{"id":"3"},"jnews_social_meta":{"fb_title":"","fb_description":"","fb_image":"","twitter_title":"","twitter_description":"","twitter_image":""},"jnews_override_counter":{"override_view_counter":"0","view_counter_number":"0","override_share_counter":"0","share_counter_number":"0","override_like_counter":"0","like_counter_number":"0","override_dislike_counter":"0","dislike_counter_number":"0"},"footnotes":""},"categories":[2,3],"tags":[22],"class_list":["post-3572","post","type-post","status-publish","format-standard","has-post-thumbnail","hentry","category-haberler","category-kulup","tag-kulup"],"amp_enabled":true,"_links":{"self":[{"href":"https:\/\/www.fener.org\/index.php\/wp-json\/wp\/v2\/posts\/3572","targetHints":{"allow":["GET"]}}],"collection":[{"href":"https:\/\/www.fener.org\/index.php\/wp-json\/wp\/v2\/posts"}],"about":[{"href":"https:\/\/www.fener.org\/index.php\/wp-json\/wp\/v2\/types\/post"}],"author":[{"embeddable":true,"href":"https:\/\/www.fener.org\/index.php\/wp-json\/wp\/v2\/users\/1"}],"replies":[{"embeddable":true,"href":"https:\/\/www.fener.org\/index.php\/wp-json\/wp\/v2\/comments?post=3572"}],"version-history":[{"count":1,"href":"https:\/\/www.fener.org\/index.php\/wp-json\/wp\/v2\/posts\/3572\/revisions"}],"predecessor-version":[{"id":3574,"href":"https:\/\/www.fener.org\/index.php\/wp-json\/wp\/v2\/posts\/3572\/revisions\/3574"}],"wp:featuredmedia":[{"embeddable":true,"href":"https:\/\/www.fener.org\/index.php\/wp-json\/wp\/v2\/media\/3573"}],"wp:attachment":[{"href":"https:\/\/www.fener.org\/index.php\/wp-json\/wp\/v2\/media?parent=3572"}],"wp:term":[{"taxonomy":"category","embeddable":true,"href":"https:\/\/www.fener.org\/index.php\/wp-json\/wp\/v2\/categories?post=3572"},{"taxonomy":"post_tag","embeddable":true,"href":"https:\/\/www.fener.org\/index.php\/wp-json\/wp\/v2\/tags?post=3572"}],"curies":[{"name":"wp","href":"https:\/\/api.w.org\/{rel}","templated":true}]}}