{"id":3561,"date":"2018-11-26T00:40:59","date_gmt":"2018-11-25T21:40:59","guid":{"rendered":"https:\/\/www.fener.org\/?p=3561"},"modified":"2018-11-26T00:40:59","modified_gmt":"2018-11-25T21:40:59","slug":"mehmet-topal-bugun-kotu-oynadik","status":"publish","type":"post","link":"https:\/\/www.fener.org\/index.php\/2018\/11\/26\/mehmet-topal-bugun-kotu-oynadik\/","title":{"rendered":"Mehmet Topal: Bug\u00fcn k\u00f6t\u00fc oynad\u0131k"},"content":{"rendered":"<p>Mehmet Topal ma\u00e7\u0131n ard\u0131ndan yapt\u0131\u011f\u0131 de\u011ferlendirmede,<\/p>\n<blockquote><p>&#8220;Asl\u0131nda buraya \u00e7ok iyi bir \u015fekilde haz\u0131rlanm\u0131\u015ft\u0131k. Buraya mutlak kazanmak i\u00e7in gelmi\u015ftik. Ama ma\u00e7a k\u00f6t\u00fc ba\u015flad\u0131k. Anlams\u0131z bir \u015fekilde istediklerimizi yapamad\u0131k. Olmad\u0131 ve gol yedik. Golden sonra biraz toparland\u0131k. 2-0\u2019dan sonra 2-1\u2019i de bulduk.  Pozisyonlar da bulduk. De\u011ferlendirebilirdik ama olmad\u0131. \u00c7ok fazla s\u00f6yleyebilecek bir \u015fey yok. Bug\u00fcn k\u00f6t\u00fc oynad\u0131k. \u0130ki ma\u00e7 kazanm\u0131\u015ft\u0131k. Biraz \u00f6zg\u00fcvenimiz, moralimiz yerine gelmi\u015fti ama bu ma\u011flubiyet \u00e7ok iyi olmad\u0131 bizim i\u00e7in&#8221;<\/p><\/blockquote>\n<p>\u015feklinde konu\u015ftu.<\/p>\n<p>Topal &#8216;Fenerbah\u00e7e&#8217;de neden istikrar yok?&#8217; sorusuna cevaben,<\/p>\n<blockquote><p>&#8220;A\u00e7\u0131k konu\u015fmak gerekirse herkes elinden geldi\u011fince iyi niyetli bir \u015fekilde elinden geleni yap\u0131yor. Bireysel olacak olursam, ben de iki ay aradan sonra bug\u00fcn biraz daha iyi performans g\u00f6sterebilirdim. Ancak olmad\u0131. Tak\u0131mda cezal\u0131 ve sakat oyuncular\u0131m\u0131z var. \u0130ki ay aradan sonra benim i\u00e7in de iyi bir ma\u00e7 olmad\u0131. Olmad\u0131 ve yapamad\u0131k. Ma\u011flubiyeti almak istemiyorduk. Bug\u00fcn burada mutlaka kazanmak istiyorduk. Diyecek bir \u015fey. K\u0131smet de\u011filmi\u015f.&#8221;<\/p><\/blockquote>\n<p>ifadelerini kulland\u0131.<\/p>\n<p>Mehmet Topal, &#8216;Kadro kalitesi yeterli mi?&#8217; \u015feklindeki soruya ise,<\/p>\n<blockquote><p>&#8220;Bu soruya benim yan\u0131t vermem gibi bir l\u00fcks\u00fcm kesinlikle olamaz. Buradaki oyuncular Fenerbah\u00e7e\u2019de oynuyorsa bu camian\u0131n b\u00fcy\u00fckl\u00fc\u011f\u00fcn\u00fc, bu camiaya lay\u0131k olmay\u0131 en iyi \u015fekilde hak ediyorlard\u0131r. B\u00f6yle bir soruya benim cevap verme gibi bir l\u00fcks\u00fcm yok diye d\u00fc\u015f\u00fcn\u00fcyorum&#8221;<\/p><\/blockquote>\n<p>yan\u0131t\u0131n\u0131 verdi.<\/p>\n","protected":false},"excerpt":{"rendered":"<p>Mehmet Topal ma\u00e7\u0131n ard\u0131ndan yapt\u0131\u011f\u0131 de\u011ferlendirmede, &#8220;Asl\u0131nda buraya \u00e7ok iyi bir \u015fekilde haz\u0131rlanm\u0131\u015ft\u0131k. Buraya mutlak kazanmak i\u00e7in gelmi\u015ftik. Ama ma\u00e7a k\u00f6t\u00fc ba\u015flad\u0131k. Anlams\u0131z bir \u015fekilde istediklerimizi yapamad\u0131k. Olmad\u0131 ve gol yedik. Golden sonra biraz toparland\u0131k. 2-0\u2019dan sonra 2-1\u2019i de bulduk. Pozisyonlar da bulduk. De\u011ferlendirebilirdik ama olmad\u0131. \u00c7ok fazla s\u00f6yleyebilecek bir \u015fey yok. Bug\u00fcn k\u00f6t\u00fc oynad\u0131k. [&hellip;]<\/p>\n","protected":false},"author":1,"featured_media":3562,"comment_status":"closed","ping_status":"closed","sticky":false,"template":"","format":"standard","meta":{"jnews-multi-image_gallery":[],"jnews_single_post":{"override_template":"0","override":[{"template":"1","single_blog_custom":"","parallax":"1","fullscreen":"0","layout":"right-sidebar","sidebar":"default-sidebar","second_sidebar":"default-sidebar","sticky_sidebar":"1","share_position":"top","share_float_style":"share-monocrhome","show_share_counter":"1","show_view_counter":"1","show_featured":"1","show_post_meta":"1","show_post_author":"1","show_post_author_image":"1","show_post_date":"1","post_date_format":"default","post_date_format_custom":"Y\/m\/d","show_post_category":"1","show_post_tag":"1","show_prev_next_post":"1","show_popup_post":"1","number_popup_post":"1","show_author_box":"0","show_post_related":"1","show_inline_post_related":"0"}],"override_image_size":"0","image_override":[{"single_post_thumbnail_size":"crop-500","single_post_gallery_size":"crop-500"}],"trending_post":"0","trending_post_position":"meta","trending_post_label":"Trending"},"jnews_primary_category":{"id":"4"},"jnews_social_meta":{"fb_title":"","fb_description":"","fb_image":"","twitter_title":"","twitter_description":"","twitter_image":""},"jnews_override_counter":{"override_view_counter":"0","view_counter_number":"0","override_share_counter":"0","share_counter_number":"0","override_like_counter":"0","like_counter_number":"0","override_dislike_counter":"0","dislike_counter_number":"0"},"footnotes":""},"categories":[4,2,47],"tags":[54,53],"class_list":["post-3561","post","type-post","status-publish","format-standard","has-post-thumbnail","hentry","category-futbol","category-haberler","category-profesyonel-a-futbol-takimi","tag-futbol","tag-profesyonel-a-futbol-takimi"],"amp_enabled":true,"_links":{"self":[{"href":"https:\/\/www.fener.org\/index.php\/wp-json\/wp\/v2\/posts\/3561","targetHints":{"allow":["GET"]}}],"collection":[{"href":"https:\/\/www.fener.org\/index.php\/wp-json\/wp\/v2\/posts"}],"about":[{"href":"https:\/\/www.fener.org\/index.php\/wp-json\/wp\/v2\/types\/post"}],"author":[{"embeddable":true,"href":"https:\/\/www.fener.org\/index.php\/wp-json\/wp\/v2\/users\/1"}],"replies":[{"embeddable":true,"href":"https:\/\/www.fener.org\/index.php\/wp-json\/wp\/v2\/comments?post=3561"}],"version-history":[{"count":2,"href":"https:\/\/www.fener.org\/index.php\/wp-json\/wp\/v2\/posts\/3561\/revisions"}],"predecessor-version":[{"id":3564,"href":"https:\/\/www.fener.org\/index.php\/wp-json\/wp\/v2\/posts\/3561\/revisions\/3564"}],"wp:featuredmedia":[{"embeddable":true,"href":"https:\/\/www.fener.org\/index.php\/wp-json\/wp\/v2\/media\/3562"}],"wp:attachment":[{"href":"https:\/\/www.fener.org\/index.php\/wp-json\/wp\/v2\/media?parent=3561"}],"wp:term":[{"taxonomy":"category","embeddable":true,"href":"https:\/\/www.fener.org\/index.php\/wp-json\/wp\/v2\/categories?post=3561"},{"taxonomy":"post_tag","embeddable":true,"href":"https:\/\/www.fener.org\/index.php\/wp-json\/wp\/v2\/tags?post=3561"}],"curies":[{"name":"wp","href":"https:\/\/api.w.org\/{rel}","templated":true}]}}