{"id":3541,"date":"2018-11-25T22:13:35","date_gmt":"2018-11-25T19:13:35","guid":{"rendered":"https:\/\/www.fener.org\/?p=3541"},"modified":"2018-11-25T22:57:37","modified_gmt":"2018-11-25T19:57:37","slug":"erwin-koeman-trabzonspor-yenilgisinin-ardindan-aciklamalarda-bulundu","status":"publish","type":"post","link":"https:\/\/www.fener.org\/index.php\/2018\/11\/25\/erwin-koeman-trabzonspor-yenilgisinin-ardindan-aciklamalarda-bulundu\/","title":{"rendered":"Erwin Koeman, Trabzonspor yenilgisinin ard\u0131ndan a\u00e7\u0131klamalarda bulundu"},"content":{"rendered":"<p>S\u00fcper Lig&#8217;in 13. haftas\u0131nda Trabzonspor&#8217;a kaybeden Fenerbah\u00e7e&#8217;de teknik direkt\u00f6r Erwin Koeman \u015funlar\u0131 s\u00f6yledi:<\/p>\n<blockquote><p>&#8220;Ma\u00e7\u0131n ilk yar\u0131s\u0131nda oyuncular\u0131m\u0131zla konu\u015fmu\u015ftuk. Top kendi yar\u0131 saham\u0131zdayken onlara bask\u0131 yapacakt\u0131k. Bunu yapamad\u0131k. Topun daha fazla bizde kalmas\u0131 gerekiyordu. Top bizdeyken 2-3 saniye i\u00e7inde kaybettik. Bu da bir sorundu.<\/p>\n<p>Kul\u00fcbemize bakarsak sakatl\u0131ktan d\u00f6nen arkada\u015flar\u0131m\u0131z ve gen\u00e7 oyuncular\u0131m\u0131z vard\u0131. Hala 2 oyuncumuz cezal\u0131. Trabzonspor daha din\u00e7 ve taze g\u00f6z\u00fckt\u00fc. \u0130lk yar\u0131da \u00fc\u00e7 tane iyi pozisyonumuz vard\u0131. 2. yar\u0131 2-0&#8217;\u0131 buldular. 3-0&#8217;\u0131 da bulabilirlerdi. Daha sonra gol bulduk. Ma\u00e7 2-2 de olabilirdi. Ancak bu maksimum skor olabilirdi. Trabzonspor 3-0&#8217;\u0131 yakalayacak pozisyonlar bulsalar bile biz de 2-2&#8217;yi bulabilirdik. Oyuncular\u0131m 95&#8217;e kadar \u00e7al\u0131\u015fmalar\u0131n\u0131 m\u00fccadelelerini g\u00f6sterdiler.<\/p>\n<p>Ba\u015fkan Ali Ko\u00e7 ve Damien Comolli ile bir toplant\u0131 yapt\u0131m. Hen\u00fcz karar verilmedi ama benim \u00fcst\u00fcmdeki insanlar bunun yan\u0131t\u0131n\u0131 biliyorlar. Ben buraday\u0131m.&#8221;<\/p><\/blockquote>\n","protected":false},"excerpt":{"rendered":"<p>S\u00fcper Lig&#8217;in 13. haftas\u0131nda Trabzonspor&#8217;a kaybeden Fenerbah\u00e7e&#8217;de teknik direkt\u00f6r Erwin Koeman \u015funlar\u0131 s\u00f6yledi: &#8220;Ma\u00e7\u0131n ilk yar\u0131s\u0131nda oyuncular\u0131m\u0131zla konu\u015fmu\u015ftuk. Top kendi yar\u0131 saham\u0131zdayken onlara bask\u0131 yapacakt\u0131k. Bunu yapamad\u0131k. Topun daha fazla bizde kalmas\u0131 gerekiyordu. Top bizdeyken 2-3 saniye i\u00e7inde kaybettik. Bu da bir sorundu. Kul\u00fcbemize bakarsak sakatl\u0131ktan d\u00f6nen arkada\u015flar\u0131m\u0131z ve gen\u00e7 oyuncular\u0131m\u0131z vard\u0131. Hala 2 oyuncumuz [&hellip;]<\/p>\n","protected":false},"author":1,"featured_media":3542,"comment_status":"closed","ping_status":"closed","sticky":false,"template":"","format":"standard","meta":{"jnews-multi-image_gallery":[],"jnews_single_post":{"override_template":"0","override":[{"template":"1","single_blog_custom":"","parallax":"1","fullscreen":"0","layout":"right-sidebar","sidebar":"default-sidebar","second_sidebar":"default-sidebar","sticky_sidebar":"1","share_position":"top","share_float_style":"share-monocrhome","show_share_counter":"1","show_view_counter":"1","show_featured":"1","show_post_meta":"1","show_post_author":"1","show_post_author_image":"1","show_post_date":"1","post_date_format":"default","post_date_format_custom":"Y\/m\/d","show_post_category":"1","show_post_tag":"1","show_prev_next_post":"1","show_popup_post":"1","number_popup_post":"1","show_author_box":"0","show_post_related":"1","show_inline_post_related":"0"}],"override_image_size":"0","image_override":[{"single_post_thumbnail_size":"crop-500","single_post_gallery_size":"crop-500"}],"trending_post":"0","trending_post_position":"meta","trending_post_label":"Trending"},"jnews_primary_category":{"id":"4"},"jnews_social_meta":{"fb_title":"","fb_description":"","fb_image":"","twitter_title":"","twitter_description":"","twitter_image":""},"jnews_override_counter":{"override_view_counter":"0","view_counter_number":"0","override_share_counter":"0","share_counter_number":"0","override_like_counter":"0","like_counter_number":"0","override_dislike_counter":"0","dislike_counter_number":"0"},"footnotes":""},"categories":[4,2,47],"tags":[54,53],"class_list":["post-3541","post","type-post","status-publish","format-standard","has-post-thumbnail","hentry","category-futbol","category-haberler","category-profesyonel-a-futbol-takimi","tag-futbol","tag-profesyonel-a-futbol-takimi"],"amp_enabled":true,"_links":{"self":[{"href":"https:\/\/www.fener.org\/index.php\/wp-json\/wp\/v2\/posts\/3541","targetHints":{"allow":["GET"]}}],"collection":[{"href":"https:\/\/www.fener.org\/index.php\/wp-json\/wp\/v2\/posts"}],"about":[{"href":"https:\/\/www.fener.org\/index.php\/wp-json\/wp\/v2\/types\/post"}],"author":[{"embeddable":true,"href":"https:\/\/www.fener.org\/index.php\/wp-json\/wp\/v2\/users\/1"}],"replies":[{"embeddable":true,"href":"https:\/\/www.fener.org\/index.php\/wp-json\/wp\/v2\/comments?post=3541"}],"version-history":[{"count":1,"href":"https:\/\/www.fener.org\/index.php\/wp-json\/wp\/v2\/posts\/3541\/revisions"}],"predecessor-version":[{"id":3543,"href":"https:\/\/www.fener.org\/index.php\/wp-json\/wp\/v2\/posts\/3541\/revisions\/3543"}],"wp:featuredmedia":[{"embeddable":true,"href":"https:\/\/www.fener.org\/index.php\/wp-json\/wp\/v2\/media\/3542"}],"wp:attachment":[{"href":"https:\/\/www.fener.org\/index.php\/wp-json\/wp\/v2\/media?parent=3541"}],"wp:term":[{"taxonomy":"category","embeddable":true,"href":"https:\/\/www.fener.org\/index.php\/wp-json\/wp\/v2\/categories?post=3541"},{"taxonomy":"post_tag","embeddable":true,"href":"https:\/\/www.fener.org\/index.php\/wp-json\/wp\/v2\/tags?post=3541"}],"curies":[{"name":"wp","href":"https:\/\/api.w.org\/{rel}","templated":true}]}}