{"id":3512,"date":"2018-11-25T16:20:43","date_gmt":"2018-11-25T13:20:43","guid":{"rendered":"https:\/\/www.fener.org\/?p=3512"},"modified":"2018-11-25T16:20:43","modified_gmt":"2018-11-25T13:20:43","slug":"trabzonspor-fenerbahce-macinin-vari-cuneyt-cakir-oldu","status":"publish","type":"post","link":"https:\/\/www.fener.org\/index.php\/2018\/11\/25\/trabzonspor-fenerbahce-macinin-vari-cuneyt-cakir-oldu\/","title":{"rendered":"Trabzonspor &#8211; Fenerbah\u00e7e ma\u00e7\u0131n\u0131n VAR&#8217;\u0131 C\u00fcneyt \u00c7ak\u0131r oldu"},"content":{"rendered":"<p>Fenerbah\u00e7e, Spor Toto S\u00fcper Lig\u2019in 13. haftas\u0131nda bu ak\u015fam deplasmanda Trabzonpor ile kar\u015f\u0131la\u015facak. Saat 19.00&#8217;da ba\u015flayacak m\u00fccadeleyi Halil Umut Meler y\u00f6netecek. Meler&#8217;in yard\u0131mc\u0131l\u0131klar\u0131n\u0131 \u0130brahim \u00c7a\u011flar Uyarcan ve Cevdet K\u00f6m\u00fcrc\u00fco\u011flu yapacak.<\/p>\n<p>M\u00fcsabakan\u0131n VAR hakemi ise C\u00fcneyt \u00c7ak\u0131r. Riva\u2019daki TFF Hasan Do\u011fan Milli Tak\u0131mlar Kamp ve E\u011fitim Tesisleri\u2019nde yer alan VAR merkezinde AVAR olarak da Ya\u015far Kemal U\u011furlu ve Mustafa Emre Eyisoy yer alacak.<\/p>\n","protected":false},"excerpt":{"rendered":"<p>Fenerbah\u00e7e, Spor Toto S\u00fcper Lig\u2019in 13. haftas\u0131nda bu ak\u015fam deplasmanda Trabzonpor ile kar\u015f\u0131la\u015facak. Saat 19.00&#8217;da ba\u015flayacak m\u00fccadeleyi Halil Umut Meler y\u00f6netecek. Meler&#8217;in yard\u0131mc\u0131l\u0131klar\u0131n\u0131 \u0130brahim \u00c7a\u011flar Uyarcan ve Cevdet K\u00f6m\u00fcrc\u00fco\u011flu yapacak. M\u00fcsabakan\u0131n VAR hakemi ise C\u00fcneyt \u00c7ak\u0131r. Riva\u2019daki TFF Hasan Do\u011fan Milli Tak\u0131mlar Kamp ve E\u011fitim Tesisleri\u2019nde yer alan VAR merkezinde AVAR olarak da Ya\u015far Kemal [&hellip;]<\/p>\n","protected":false},"author":1,"featured_media":3513,"comment_status":"closed","ping_status":"closed","sticky":false,"template":"","format":"standard","meta":{"jnews-multi-image_gallery":[],"jnews_single_post":{"override_template":"0","override":[{"template":"1","single_blog_custom":"","parallax":"1","fullscreen":"0","layout":"right-sidebar","sidebar":"default-sidebar","second_sidebar":"default-sidebar","sticky_sidebar":"1","share_position":"top","share_float_style":"share-monocrhome","show_share_counter":"1","show_view_counter":"1","show_featured":"1","show_post_meta":"1","show_post_author":"1","show_post_author_image":"1","show_post_date":"1","post_date_format":"default","post_date_format_custom":"Y\/m\/d","show_post_category":"1","show_post_tag":"1","show_prev_next_post":"1","show_popup_post":"1","number_popup_post":"1","show_author_box":"0","show_post_related":"1","show_inline_post_related":"0"}],"override_image_size":"0","image_override":[{"single_post_thumbnail_size":"crop-500","single_post_gallery_size":"crop-500"}],"trending_post":"0","trending_post_position":"meta","trending_post_label":"Trending"},"jnews_primary_category":{"id":"4"},"jnews_social_meta":{"fb_title":"","fb_description":"","fb_image":"","twitter_title":"","twitter_description":"","twitter_image":""},"jnews_override_counter":{"override_view_counter":"0","view_counter_number":"0","override_share_counter":"0","share_counter_number":"0","override_like_counter":"0","like_counter_number":"0","override_dislike_counter":"0","dislike_counter_number":"0"},"footnotes":""},"categories":[4,2,47],"tags":[54,53],"class_list":["post-3512","post","type-post","status-publish","format-standard","has-post-thumbnail","hentry","category-futbol","category-haberler","category-profesyonel-a-futbol-takimi","tag-futbol","tag-profesyonel-a-futbol-takimi"],"amp_enabled":true,"_links":{"self":[{"href":"https:\/\/www.fener.org\/index.php\/wp-json\/wp\/v2\/posts\/3512","targetHints":{"allow":["GET"]}}],"collection":[{"href":"https:\/\/www.fener.org\/index.php\/wp-json\/wp\/v2\/posts"}],"about":[{"href":"https:\/\/www.fener.org\/index.php\/wp-json\/wp\/v2\/types\/post"}],"author":[{"embeddable":true,"href":"https:\/\/www.fener.org\/index.php\/wp-json\/wp\/v2\/users\/1"}],"replies":[{"embeddable":true,"href":"https:\/\/www.fener.org\/index.php\/wp-json\/wp\/v2\/comments?post=3512"}],"version-history":[{"count":1,"href":"https:\/\/www.fener.org\/index.php\/wp-json\/wp\/v2\/posts\/3512\/revisions"}],"predecessor-version":[{"id":3514,"href":"https:\/\/www.fener.org\/index.php\/wp-json\/wp\/v2\/posts\/3512\/revisions\/3514"}],"wp:featuredmedia":[{"embeddable":true,"href":"https:\/\/www.fener.org\/index.php\/wp-json\/wp\/v2\/media\/3513"}],"wp:attachment":[{"href":"https:\/\/www.fener.org\/index.php\/wp-json\/wp\/v2\/media?parent=3512"}],"wp:term":[{"taxonomy":"category","embeddable":true,"href":"https:\/\/www.fener.org\/index.php\/wp-json\/wp\/v2\/categories?post=3512"},{"taxonomy":"post_tag","embeddable":true,"href":"https:\/\/www.fener.org\/index.php\/wp-json\/wp\/v2\/tags?post=3512"}],"curies":[{"name":"wp","href":"https:\/\/api.w.org\/{rel}","templated":true}]}}