{"id":3230,"date":"2018-11-18T11:05:53","date_gmt":"2018-11-18T08:05:53","guid":{"rendered":"https:\/\/www.fener.org\/?p=3230"},"modified":"2018-11-18T11:08:08","modified_gmt":"2018-11-18T08:08:08","slug":"fenerbahcemiz-tokat-belediye-plevneye-konuk-oluyor","status":"publish","type":"post","link":"https:\/\/www.fener.org\/index.php\/2018\/11\/18\/fenerbahcemiz-tokat-belediye-plevneye-konuk-oluyor\/","title":{"rendered":"Fenerbah\u00e7emiz, Tokat Belediye Plevne&#8217;ye konuk oluyor"},"content":{"rendered":"<p>Fenerbah\u00e7e Erkek Voleybol Tak\u0131m\u0131m\u0131z, Efeler Ligi\u2019nin 6. haftas\u0131nda Tokat Belediye Plevne\u2019ye konuk oluyor. Bug\u00fcn (18 Kas\u0131m Pazar g\u00fcn\u00fc) Ali Y\u00fccel Spor Salonu\u2019nda oynanacak ma\u00e7 saat 15.30\u2019da ba\u015flayacak.<\/p>\n<p>Tak\u0131m\u0131m\u0131z, ligin ilk 5 haftas\u0131n\u0131 1 galibiyet, 4 ma\u011flubiyetle geride b\u0131rak\u0131rken; rakip Tokat Belediye Plevne ise 2 galibiyet, 3 ma\u011flubiyete sahip.<\/p>\n<p>Fenerbah\u00e7e Erkek Voleybol Tak\u0131m\u0131m\u0131z, Efeler Ligi\u2019nde kendi evinde oynad\u0131\u011f\u0131 son ma\u00e7\u0131nda Arkas Spor&#8217;a 3-0 ma\u011flup olurken, Tokat Belediye Plevne ise deplasmanda Ziraat Bankas\u0131 ile m\u00fccadelesinden 3-2 ma\u011flup ayr\u0131ld\u0131.<\/p>\n<p>iki ekip son olarak 19 Mart 2017 tarihinde kar\u015f\u0131la\u015fm\u0131\u015f, Fenerbah\u00e7emiz m\u00fccadeleden 3-0&#8217;l\u0131k skorla galip ayr\u0131lm\u0131\u015ft\u0131.<\/p>\n","protected":false},"excerpt":{"rendered":"<p>Fenerbah\u00e7e Erkek Voleybol Tak\u0131m\u0131m\u0131z, Efeler Ligi\u2019nin 6. haftas\u0131nda Tokat Belediye Plevne\u2019ye konuk oluyor. Bug\u00fcn (18 Kas\u0131m Pazar g\u00fcn\u00fc) Ali Y\u00fccel Spor Salonu\u2019nda oynanacak ma\u00e7 saat 15.30\u2019da ba\u015flayacak. Tak\u0131m\u0131m\u0131z, ligin ilk 5 haftas\u0131n\u0131 1 galibiyet, 4 ma\u011flubiyetle geride b\u0131rak\u0131rken; rakip Tokat Belediye Plevne ise 2 galibiyet, 3 ma\u011flubiyete sahip. Fenerbah\u00e7e Erkek Voleybol Tak\u0131m\u0131m\u0131z, Efeler Ligi\u2019nde kendi [&hellip;]<\/p>\n","protected":false},"author":1,"featured_media":3232,"comment_status":"closed","ping_status":"closed","sticky":false,"template":"","format":"standard","meta":{"jnews-multi-image_gallery":[],"jnews_single_post":{"override_template":"0","override":[{"template":"1","single_blog_custom":"","parallax":"1","fullscreen":"0","layout":"right-sidebar","sidebar":"default-sidebar","second_sidebar":"default-sidebar","sticky_sidebar":"1","share_position":"top","share_float_style":"share-monocrhome","show_share_counter":"1","show_view_counter":"1","show_featured":"1","show_post_meta":"1","show_post_author":"1","show_post_author_image":"1","show_post_date":"1","post_date_format":"default","post_date_format_custom":"Y\/m\/d","show_post_category":"1","show_post_tag":"1","show_prev_next_post":"1","show_popup_post":"1","number_popup_post":"1","show_author_box":"0","show_post_related":"1","show_inline_post_related":"0"}],"override_image_size":"0","image_override":[{"single_post_thumbnail_size":"crop-500","single_post_gallery_size":"crop-500"}],"trending_post":"0","trending_post_position":"meta","trending_post_label":"Trending"},"jnews_primary_category":{"id":"8"},"jnews_social_meta":{"fb_title":"","fb_description":"","fb_image":"","twitter_title":"","twitter_description":"","twitter_image":""},"jnews_override_counter":{"override_view_counter":"0","view_counter_number":"0","override_share_counter":"0","share_counter_number":"0","override_like_counter":"0","like_counter_number":"0","override_dislike_counter":"0","dislike_counter_number":"0"},"footnotes":""},"categories":[9,2,8],"tags":[27,29],"class_list":["post-3230","post","type-post","status-publish","format-standard","has-post-thumbnail","hentry","category-erkek-voleybol","category-haberler","category-voleybol","tag-erkek-voleybol","tag-voleybol"],"amp_enabled":true,"_links":{"self":[{"href":"https:\/\/www.fener.org\/index.php\/wp-json\/wp\/v2\/posts\/3230","targetHints":{"allow":["GET"]}}],"collection":[{"href":"https:\/\/www.fener.org\/index.php\/wp-json\/wp\/v2\/posts"}],"about":[{"href":"https:\/\/www.fener.org\/index.php\/wp-json\/wp\/v2\/types\/post"}],"author":[{"embeddable":true,"href":"https:\/\/www.fener.org\/index.php\/wp-json\/wp\/v2\/users\/1"}],"replies":[{"embeddable":true,"href":"https:\/\/www.fener.org\/index.php\/wp-json\/wp\/v2\/comments?post=3230"}],"version-history":[{"count":1,"href":"https:\/\/www.fener.org\/index.php\/wp-json\/wp\/v2\/posts\/3230\/revisions"}],"predecessor-version":[{"id":3231,"href":"https:\/\/www.fener.org\/index.php\/wp-json\/wp\/v2\/posts\/3230\/revisions\/3231"}],"wp:featuredmedia":[{"embeddable":true,"href":"https:\/\/www.fener.org\/index.php\/wp-json\/wp\/v2\/media\/3232"}],"wp:attachment":[{"href":"https:\/\/www.fener.org\/index.php\/wp-json\/wp\/v2\/media?parent=3230"}],"wp:term":[{"taxonomy":"category","embeddable":true,"href":"https:\/\/www.fener.org\/index.php\/wp-json\/wp\/v2\/categories?post=3230"},{"taxonomy":"post_tag","embeddable":true,"href":"https:\/\/www.fener.org\/index.php\/wp-json\/wp\/v2\/tags?post=3230"}],"curies":[{"name":"wp","href":"https:\/\/api.w.org\/{rel}","templated":true}]}}