{"id":31337,"date":"2026-09-06T20:11:21","date_gmt":"2026-09-06T17:11:21","guid":{"rendered":"https:\/\/www.fener.org\/?p=31337"},"modified":"2026-09-06T20:11:24","modified_gmt":"2026-09-06T17:11:24","slug":"amed-sportif-faaliyetler-0-3-fenerbahce-arsavev","status":"publish","type":"post","link":"https:\/\/www.fener.org\/index.php\/2026\/09\/06\/amed-sportif-faaliyetler-0-3-fenerbahce-arsavev\/","title":{"rendered":"Amed Sportif Faaliyetler 0-3 Fenerbah\u00e7e arsaVev"},"content":{"rendered":"\n<p>Fenerbah\u00e7e arsaVev Kad\u0131n Futbol Tak\u0131m\u0131m\u0131z, Kad\u0131n Futbol S\u00fcper Ligi\u2019nde ikinci hafta ma\u00e7\u0131nda konuk oldu\u011fu Amed Sportif Faaliyetler\u2019i 3-0 yendi ve 2\u2019de 2 yapt\u0131.<\/p>\n\n\n\n<p>Diyarbak\u0131r Seyrantepe \u00c7im Sahas\u0131\u2019nda oynanan ma\u00e7ta 20. dakikada Staskova\u2019n\u0131n gol\u00fcyle ilk yar\u0131y\u0131 1-0 \u00f6nde tamamlayan tak\u0131m\u0131m\u0131z, iyi ba\u015flad\u0131\u011f\u0131 ikinci \u00e7eyre\u011fin ilk dakikalar\u0131nda Regina Otu\u2019yla 49. dakikada skoru 2-0 yapt\u0131. 89. dakikada Fenerbah\u00e7e formas\u0131yla ilk ma\u00e7\u0131na \u00e7\u0131kan&nbsp;yeni transferlerinden Marie Divine Ngah Manga, skoru 3-0\u2019a getirdi ve sonucu belirledi.&nbsp;<br>&nbsp;<br>3 puan\u0131 3 golle kazanan ekibimiz, iki de iki yapt\u0131 ve puan\u0131n\u0131 6\u2019ya \u00e7\u0131kard\u0131.<\/p>\n\n\n\n<p>Fenerbah\u00e7e arsaVev Kad\u0131n Futbol Tak\u0131m\u0131m\u0131z, \u00fc\u00e7\u00fcnc\u00fc hafta ma\u00e7\u0131nda \u015eile Bilgido\u011fa Sportif Yat\u0131r\u0131m Hizmetleri A.\u015e\u2019yi konuk edecek. 12&nbsp;Eyl\u00fcl Cumartesi&nbsp;g\u00fcn\u00fc Derea\u011fz\u0131 Lefter K\u00fc\u00e7\u00fckandonyadis Tesisleri\u2019nde oynanacak ma\u00e7 saat 17.00\u2019de ba\u015flayacak.<\/p>\n","protected":false},"excerpt":{"rendered":"<p>Fenerbah\u00e7e arsaVev Kad\u0131n Futbol Tak\u0131m\u0131m\u0131z, Kad\u0131n Futbol S\u00fcper Ligi\u2019nde ikinci hafta ma\u00e7\u0131nda konuk oldu\u011fu Amed Sportif Faaliyetler\u2019i 3-0 yendi ve 2\u2019de 2 yapt\u0131. Diyarbak\u0131r Seyrantepe \u00c7im Sahas\u0131\u2019nda oynanan ma\u00e7ta 20. dakikada Staskova\u2019n\u0131n gol\u00fcyle ilk yar\u0131y\u0131 1-0 \u00f6nde tamamlayan tak\u0131m\u0131m\u0131z, iyi ba\u015flad\u0131\u011f\u0131 ikinci \u00e7eyre\u011fin ilk dakikalar\u0131nda Regina Otu\u2019yla 49. dakikada skoru 2-0 yapt\u0131. 89. dakikada Fenerbah\u00e7e [&hellip;]<\/p>\n","protected":false},"author":1,"featured_media":31338,"comment_status":"closed","ping_status":"closed","sticky":false,"template":"","format":"standard","meta":{"jnews-multi-image_gallery":[],"jnews_single_post":{"format":"standard","override":[{"template":"1","parallax":"1","fullscreen":"1","layout":"right-sidebar","sidebar":"mysidebar","second_sidebar":"default-sidebar","sticky_sidebar":"1","share_position":"float","share_float_style":"share-normal","show_share_counter":"1","show_view_counter":"1","show_featured":"1","show_post_meta":"1","show_post_author_image":"1","show_post_date":"1","post_date_format":"default","post_date_format_custom":"Y\/m\/d","show_post_reading_time":"0","post_reading_time_wpm":"300","post_calculate_word_method":"str_word_count","show_zoom_button":"0","zoom_button_out_step":"2","zoom_button_in_step":"3","show_prev_next_post":"1","show_comment_section":"1","number_popup_post":"3","show_author_box":"0","show_post_related":"0","show_inline_post_related":"0"}],"image_override":[{"single_post_thumbnail_size":"crop-500","single_post_gallery_size":"crop-500"}],"trending_post_position":"meta","trending_post_label":"Trending","sponsored_post_label":"Sponsored by","disable_ad":"0","subtitle":"Fenerbah\u00e7e Kad\u0131n Futbol Tak\u0131m\u0131m\u0131z, Kad\u0131n Futbol S\u00fcper Ligi\u2019nde ikinci hafta ma\u00e7\u0131nda deplasmanda kar\u015f\u0131la\u015ft\u0131\u011f\u0131 Amed Sportif Faaliyetler'i 0-3 ma\u011flup etti."},"jnews_primary_category":{"id":"4"},"jnews_social_meta":[],"jnews_override_counter":{"view_counter_number":"0","share_counter_number":"0","like_counter_number":"0","dislike_counter_number":"0"},"footnotes":""},"categories":[4,2,191],"tags":[23,192],"class_list":["post-31337","post","type-post","status-publish","format-standard","has-post-thumbnail","hentry","category-futbol","category-haberler","category-kadin-futbol","tag-fenerbahce","tag-kadinfutbol"],"amp_enabled":true,"_links":{"self":[{"href":"https:\/\/www.fener.org\/index.php\/wp-json\/wp\/v2\/posts\/31337","targetHints":{"allow":["GET"]}}],"collection":[{"href":"https:\/\/www.fener.org\/index.php\/wp-json\/wp\/v2\/posts"}],"about":[{"href":"https:\/\/www.fener.org\/index.php\/wp-json\/wp\/v2\/types\/post"}],"author":[{"embeddable":true,"href":"https:\/\/www.fener.org\/index.php\/wp-json\/wp\/v2\/users\/1"}],"replies":[{"embeddable":true,"href":"https:\/\/www.fener.org\/index.php\/wp-json\/wp\/v2\/comments?post=31337"}],"version-history":[{"count":1,"href":"https:\/\/www.fener.org\/index.php\/wp-json\/wp\/v2\/posts\/31337\/revisions"}],"predecessor-version":[{"id":31339,"href":"https:\/\/www.fener.org\/index.php\/wp-json\/wp\/v2\/posts\/31337\/revisions\/31339"}],"wp:featuredmedia":[{"embeddable":true,"href":"https:\/\/www.fener.org\/index.php\/wp-json\/wp\/v2\/media\/31338"}],"wp:attachment":[{"href":"https:\/\/www.fener.org\/index.php\/wp-json\/wp\/v2\/media?parent=31337"}],"wp:term":[{"taxonomy":"category","embeddable":true,"href":"https:\/\/www.fener.org\/index.php\/wp-json\/wp\/v2\/categories?post=31337"},{"taxonomy":"post_tag","embeddable":true,"href":"https:\/\/www.fener.org\/index.php\/wp-json\/wp\/v2\/tags?post=31337"}],"curies":[{"name":"wp","href":"https:\/\/api.w.org\/{rel}","templated":true}]}}