{"id":31334,"date":"2026-09-06T08:43:00","date_gmt":"2026-09-06T05:43:00","guid":{"rendered":"https:\/\/www.fener.org\/?p=31334"},"modified":"2026-09-06T16:47:24","modified_gmt":"2026-09-06T13:47:24","slug":"fenerbahce-arsavev-amed-sportif-faaliyetlere-konuk-oluyor-2","status":"publish","type":"post","link":"https:\/\/www.fener.org\/index.php\/2026\/09\/06\/fenerbahce-arsavev-amed-sportif-faaliyetlere-konuk-oluyor-2\/","title":{"rendered":"Fenerbah\u00e7e arsaVev, Amed Sportif Faaliyetler\u2019e konuk oluyor"},"content":{"rendered":"\n<p>Fenerbah\u00e7e arsaVev Kad\u0131n Futbol Tak\u0131m\u0131m\u0131z, Kad\u0131n Futbol S\u00fcper Ligi\u2019nde ikinci hafta ma\u00e7\u0131nda 6 Eyl\u00fcl Pazar g\u00fcn\u00fc Amed Sportif Faaliyetler\u2019e konuk olacak. Diyarbak\u0131r Seyrantepe \u00c7im Sahas\u0131\u2019nda oynanacak m\u00fccadele saat 17.00\u2019de ba\u015flayacak ve Fenerbah\u00e7e Televizyonu\u2019ndan canl\u0131 yay\u0131nlanacak.<\/p>\n\n\n\n<p>Fenerbah\u00e7e arsaVev, son \u015fampiyon unvan\u0131yla ba\u015flad\u0131\u011f\u0131 S\u00fcper Lig\u2019in ilk haftas\u0131nda Ankara B\u00fcy\u00fck\u015fehir Belediyesi Fomget ile kar\u015f\u0131la\u015ft\u0131. Tak\u0131m\u0131m\u0131z, Fenerbah\u00e7e Derea\u011fz\u0131 Lefter K\u00fc\u00e7\u00fckandonyadis Tesisleri\u2019nde oynanan ma\u00e7tan 2-0 galip ayr\u0131ld\u0131. Gollerimizi 85. dakikada Zeynep Kerimo\u011flu ve 90+4. dakikada Zsanett Kajan kaydetti.<\/p>\n\n\n\n<p>Tak\u0131m\u0131m\u0131z, Amed Sportif Faaliyetler ile ge\u00e7ti\u011fimiz sezonun ilk devresinde oynad\u0131\u011f\u0131 ma\u00e7\u0131 2-1, ikinci devre ma\u00e7\u0131n\u0131 ise 3-0 kazanm\u0131\u015ft\u0131.<\/p>\n","protected":false},"excerpt":{"rendered":"<p>Fenerbah\u00e7e arsaVev Kad\u0131n Futbol Tak\u0131m\u0131m\u0131z, Kad\u0131n Futbol S\u00fcper Ligi\u2019nde ikinci hafta ma\u00e7\u0131nda 6 Eyl\u00fcl Pazar g\u00fcn\u00fc Amed Sportif Faaliyetler\u2019e konuk olacak. Diyarbak\u0131r Seyrantepe \u00c7im Sahas\u0131\u2019nda oynanacak m\u00fccadele saat 17.00\u2019de ba\u015flayacak ve Fenerbah\u00e7e Televizyonu\u2019ndan canl\u0131 yay\u0131nlanacak. Fenerbah\u00e7e arsaVev, son \u015fampiyon unvan\u0131yla ba\u015flad\u0131\u011f\u0131 S\u00fcper Lig\u2019in ilk haftas\u0131nda Ankara B\u00fcy\u00fck\u015fehir Belediyesi Fomget ile kar\u015f\u0131la\u015ft\u0131. Tak\u0131m\u0131m\u0131z, Fenerbah\u00e7e Derea\u011fz\u0131 Lefter [&hellip;]<\/p>\n","protected":false},"author":1,"featured_media":31335,"comment_status":"closed","ping_status":"closed","sticky":false,"template":"","format":"standard","meta":{"jnews-multi-image_gallery":[],"jnews_single_post":{"format":"standard","override":[{"template":"1","parallax":"1","fullscreen":"1","layout":"right-sidebar","sidebar":"mysidebar","second_sidebar":"default-sidebar","sticky_sidebar":"1","share_position":"float","share_float_style":"share-normal","show_share_counter":"1","show_view_counter":"1","show_featured":"1","show_post_meta":"1","show_post_author_image":"1","show_post_date":"1","post_date_format":"default","post_date_format_custom":"Y\/m\/d","show_post_reading_time":"0","post_reading_time_wpm":"300","post_calculate_word_method":"str_word_count","show_zoom_button":"0","zoom_button_out_step":"2","zoom_button_in_step":"3","show_prev_next_post":"1","show_comment_section":"1","number_popup_post":"3","show_author_box":"0","show_post_related":"0","show_inline_post_related":"0"}],"image_override":[{"single_post_thumbnail_size":"crop-500","single_post_gallery_size":"crop-500"}],"trending_post_position":"meta","trending_post_label":"Trending","sponsored_post_label":"Sponsored by","disable_ad":"0","subtitle":"Fenerbah\u00e7e Kad\u0131n Futbol Tak\u0131m\u0131m\u0131z, Kad\u0131n Futbol S\u00fcper Ligi\u2019nde ikinci hafta ma\u00e7\u0131nda deplasmanda Amed Sportif Faaliyetler ile kar\u015f\u0131la\u015f\u0131yor."},"jnews_primary_category":{"id":"4"},"jnews_social_meta":[],"jnews_override_counter":{"view_counter_number":"0","share_counter_number":"0","like_counter_number":"0","dislike_counter_number":"0"},"footnotes":""},"categories":[4,2,191],"tags":[23,192],"class_list":["post-31334","post","type-post","status-publish","format-standard","has-post-thumbnail","hentry","category-futbol","category-haberler","category-kadin-futbol","tag-fenerbahce","tag-kadinfutbol"],"amp_enabled":true,"_links":{"self":[{"href":"https:\/\/www.fener.org\/index.php\/wp-json\/wp\/v2\/posts\/31334","targetHints":{"allow":["GET"]}}],"collection":[{"href":"https:\/\/www.fener.org\/index.php\/wp-json\/wp\/v2\/posts"}],"about":[{"href":"https:\/\/www.fener.org\/index.php\/wp-json\/wp\/v2\/types\/post"}],"author":[{"embeddable":true,"href":"https:\/\/www.fener.org\/index.php\/wp-json\/wp\/v2\/users\/1"}],"replies":[{"embeddable":true,"href":"https:\/\/www.fener.org\/index.php\/wp-json\/wp\/v2\/comments?post=31334"}],"version-history":[{"count":1,"href":"https:\/\/www.fener.org\/index.php\/wp-json\/wp\/v2\/posts\/31334\/revisions"}],"predecessor-version":[{"id":31336,"href":"https:\/\/www.fener.org\/index.php\/wp-json\/wp\/v2\/posts\/31334\/revisions\/31336"}],"wp:featuredmedia":[{"embeddable":true,"href":"https:\/\/www.fener.org\/index.php\/wp-json\/wp\/v2\/media\/31335"}],"wp:attachment":[{"href":"https:\/\/www.fener.org\/index.php\/wp-json\/wp\/v2\/media?parent=31334"}],"wp:term":[{"taxonomy":"category","embeddable":true,"href":"https:\/\/www.fener.org\/index.php\/wp-json\/wp\/v2\/categories?post=31334"},{"taxonomy":"post_tag","embeddable":true,"href":"https:\/\/www.fener.org\/index.php\/wp-json\/wp\/v2\/tags?post=31334"}],"curies":[{"name":"wp","href":"https:\/\/api.w.org\/{rel}","templated":true}]}}