{"id":31331,"date":"2026-09-05T22:28:08","date_gmt":"2026-09-05T19:28:08","guid":{"rendered":"https:\/\/www.fener.org\/?p=31331"},"modified":"2026-09-05T22:28:11","modified_gmt":"2026-09-05T19:28:11","slug":"fenerbahce-1-2-besiktas-2","status":"publish","type":"post","link":"https:\/\/www.fener.org\/index.php\/2026\/09\/05\/fenerbahce-1-2-besiktas-2\/","title":{"rendered":"Fenerbah\u00e7e 1-2 Be\u015fikta\u015f"},"content":{"rendered":"\n<p>Trendyol S\u00fcper Lig\u2019de d\u00f6rd\u00fcnc\u00fc hafta ma\u00e7\u0131nda Be\u015fikta\u015f\u2019\u0131, Chobani Stadyumu Fenerbah\u00e7e \u015e\u00fckr\u00fc Saraco\u011flu Spor Kompleksi\u2019nde konuk eden Fenerbah\u00e7emiz, kar\u015f\u0131la\u015fmadan 2-1 ma\u011flup ayr\u0131ld\u0131. Futbol Tak\u0131m\u0131m\u0131z\u0131n tek gol\u00fcn\u00fc 26. dakikada Milan Skriniar kaydederken, konuk tak\u0131m\u0131n golleri 38. dakikada R\u0131dvan Y\u0131lmaz, 73. dakikada da Dusan Vlahovic\u2019ten geldi.<\/p>\n\n\n\n<p>\u00dclkemizde son d\u00f6nemde ya\u015fanan gemi kazalar\u0131nda vefat eden vatanda\u015flar\u0131m\u0131z an\u0131s\u0131na m\u00fcsabaka \u00f6ncesinde 1 dakikal\u0131k sayg\u0131 duru\u015funda bulunuldu.<\/p>\n\n\n\n<p>Futbol Tak\u0131m\u0131m\u0131z, UEFA \u015eampiyonlar Ligi 1. hafta ma\u00e7\u0131nda 10 Eyl\u00fcl Per\u015fembe g\u00fcn\u00fc saat 19.45\u2019te \u0130talyan ekibi Roma ile kar\u015f\u0131la\u015facak.<\/p>\n\n\n<p><u><strong>Ma\u00e7tan dakikalar:<\/strong><\/u><br \/><br \/>6. dakikada Be\u015fikta\u015f\u2019ta Trossard topu ta\u015f\u0131d\u0131, Cerny pas i\u00e7in kendini g\u00f6sterdi ancak kalecimiz Ederson kalesinden \u00e7\u0131karak topu yatarak kontrol etti.<br \/><br \/>11. dakikada Fenerbah\u00e7emiz bu kez rakip kalede tehlike yaratt\u0131. Archie Brown\u2019\u0131n ortas\u0131nda son anda R\u0131dvan araya girerek topu uzakla\u015ft\u0131rd\u0131.<\/p>\n<p>15. dakikada Fenerbah\u00e7emiz h\u0131zl\u0131 \u00e7\u0131karak Be\u015fikta\u015f savunmas\u0131n\u0131 eksik yakalad\u0131. \u0130rfan Can Kahveci, Vedat Muriqi\u2019yi d\u00fc\u015f\u00fcnd\u00fc ancak pas isabetli olmay\u0131nca Be\u015fikta\u015f savunmas\u0131 tehlikeyi uzakla\u015ft\u0131rd\u0131.<\/p>\n<p>17. dakikada Fenerbah\u00e7emiz, tehlikeli b\u00f6lgede serbest vuru\u015f kazand\u0131. Matteo Guendouzi, Murillo ile girdi\u011fi m\u00fccadelede yerde kald\u0131. Hakem \u00f6nce oyunu devam ettirdi, ard\u0131ndan faul d\u00fcd\u00fc\u011f\u00fcn\u00fc \u00e7ald\u0131. O\u011fuz Ayd\u0131n\u2019\u0131n kulland\u0131\u011f\u0131 serbest vuru\u015fta Agbadou topu uzakla\u015ft\u0131rd\u0131; devam\u0131nda Mason Greenwood uzaktan \u015fans\u0131n\u0131 denedi ancak top auta \u00e7\u0131kt\u0131.<br \/><br \/>21. dakikada orta alanda topu kazanan Be\u015fikta\u015f h\u0131zl\u0131 \u00e7\u0131kt\u0131. Olaitan\u2019\u0131n uzak mesafeden sert \u015futunu file bek\u00e7imiz Ederson k\u00f6\u015feden \u00e7\u0131kard\u0131.<br \/><br \/><strong>26. dakikada Fenerbah\u00e7emiz, gol\u00fc buldu. Agbadou, ta\u00e7tan gelen topu uzakla\u015ft\u0131ramad\u0131. Seken topu \u00f6n\u00fcnde bulan Milan Skriniar, yapt\u0131\u011f\u0131 vuru\u015fla topu a\u011flara g\u00f6nderdi. 1-0<\/strong><br \/><br \/>28. dakikada Trossard, sol kanattan geli\u015fen atakta topu i\u00e7eri \u00e7evirdi. Milan Skriniar araya girerek me\u015fin yuvarla\u011f\u0131 kornere g\u00f6nderdi.<br \/><br \/>38. dakikada Be\u015fikta\u015f skora denge getirdi. Trossard\u2019\u0131n pas\u0131nda R\u0131dvan Y\u0131lmaz sol \u00e7aprazdan \u015futunu \u00e7ekti. Dire\u011fe \u00e7arpan top a\u011flarla bulu\u015ftu.1-1<br \/><br \/>41. dakikada Fenerbah\u00e7emizde N\u2019Golo Kante\u2019nin m\u00fcthi\u015f pas\u0131nda O\u011fuz Ayd\u0131n, \u0130rfan Can Kahveci\u2019yi savunma arkas\u0131na ka\u00e7\u0131rd\u0131. \u0130rfan Can topu a\u011flara g\u00f6nderdi ancak ofsayt bayra\u011f\u0131 kalkt\u0131.<br \/><br \/>43. dakikada Futbol Tak\u0131m\u0131m\u0131z gole bir kez daha yakla\u015ft\u0131. Mason Greenwood sa\u011f kanatta R\u0131dvan\u2019\u0131 \u00e7al\u0131mla ge\u00e7ti, ceza sahas\u0131na yakla\u015f\u0131p \u015futunu \u00e7ekti ancak top yan a\u011flarda kald\u0131.<\/p>\n<p>45+2. dakikada ilk yar\u0131n\u0131n son d\u00fcd\u00fc\u011f\u00fc geldi.<\/p>\n<p>46. dakikada Fenerbah\u00e7emiz etkili geldi. Kerem Akt\u00fcrko\u011flu\u2019nun ortas\u0131nda Agbadou araya girerek topun Vedat Muriqi\u2019ye ula\u015fmas\u0131n\u0131 engelledi.<\/p>\n<p>66. dakikada Be\u015fikta\u015f etkili geldi. Trossard\u2019\u0131n ortas\u0131nda top ceza sahas\u0131n\u0131 ge\u00e7ti, Orkun K\u00f6k\u00e7\u00fc kontrol edip yeniden i\u00e7eri \u00e7evirdi. Vlahovic\u2019in pas\u0131nda Trossard vurdu, kalecimiz Ederson topu iki hamlede kontrol etti.<\/p>\n<p>70. dakikada Fenerbah\u00e7e, Be\u015fikta\u015f savunmas\u0131n\u0131 eksik yakalad\u0131. Kante\u2019nin pas\u0131nda Greenwood sa\u011fdan i\u00e7eri \u00e7evirmek istedi ancak top auta \u00e7\u0131kt\u0131.<\/p>\n<p>73. dakikada Be\u015fikta\u015f ikinci gol\u00fc buldu. Orkun K\u00f6k\u00e7\u00fc kaleciyle kar\u015f\u0131 kar\u015f\u0131ya kald\u0131\u011f\u0131 pozisyonda topu i\u00e7eri \u00e7evirdi. Vlahovic dokunu\u015funu yaparak topu a\u011flara g\u00f6nderdi.1-2<\/p>\n<p>85. dakikada Fenerbah\u00e7emiz yan toplarla etkili olmaya devam ediyor. N\u2019Golo Kante\u2019nin ortas\u0131nda Murillo araya girerek topu kornere g\u00f6nderdi.<\/p>\n<p>90+7. dakikada kar\u015f\u0131la\u015fman\u0131n son d\u00fcd\u00fc\u011f\u00fc geldi.<\/p>","protected":false},"excerpt":{"rendered":"<p>Trendyol S\u00fcper Lig\u2019de d\u00f6rd\u00fcnc\u00fc hafta ma\u00e7\u0131nda Be\u015fikta\u015f\u2019\u0131, Chobani Stadyumu Fenerbah\u00e7e \u015e\u00fckr\u00fc Saraco\u011flu Spor Kompleksi\u2019nde konuk eden Fenerbah\u00e7emiz, kar\u015f\u0131la\u015fmadan 2-1 ma\u011flup ayr\u0131ld\u0131. Futbol Tak\u0131m\u0131m\u0131z\u0131n tek gol\u00fcn\u00fc 26. dakikada Milan Skriniar kaydederken, konuk tak\u0131m\u0131n golleri 38. dakikada R\u0131dvan Y\u0131lmaz, 73. dakikada da Dusan Vlahovic\u2019ten geldi. \u00dclkemizde son d\u00f6nemde ya\u015fanan gemi kazalar\u0131nda vefat eden vatanda\u015flar\u0131m\u0131z an\u0131s\u0131na m\u00fcsabaka \u00f6ncesinde [&hellip;]<\/p>\n","protected":false},"author":1,"featured_media":31332,"comment_status":"closed","ping_status":"closed","sticky":false,"template":"","format":"standard","meta":{"jnews-multi-image_gallery":[],"jnews_single_post":{"format":"standard","override":[{"template":"1","parallax":"1","fullscreen":"1","layout":"right-sidebar","sidebar":"mysidebar","second_sidebar":"default-sidebar","sticky_sidebar":"1","share_position":"float","share_float_style":"share-normal","show_share_counter":"1","show_view_counter":"1","show_featured":"1","show_post_meta":"1","show_post_author_image":"1","show_post_date":"1","post_date_format":"default","post_date_format_custom":"Y\/m\/d","show_post_reading_time":"0","post_reading_time_wpm":"300","post_calculate_word_method":"str_word_count","show_zoom_button":"0","zoom_button_out_step":"2","zoom_button_in_step":"3","show_prev_next_post":"1","show_comment_section":"1","number_popup_post":"3","show_author_box":"0","show_post_related":"0","show_inline_post_related":"0"}],"image_override":[{"single_post_thumbnail_size":"crop-500","single_post_gallery_size":"crop-500"}],"trending_post_position":"meta","trending_post_label":"Trending","sponsored_post_label":"Sponsored by","disable_ad":"0","subtitle":"Fenerbah\u00e7e, S\u00fcper Lig\u2019de d\u00f6rd\u00fcnc\u00fc hafta ma\u00e7\u0131nda Be\u015fikta\u015f\u2019\u0131 konuk etti\u011fi ma\u00e7tan 2-1 ma\u011flup ayr\u0131ld\u0131."},"jnews_primary_category":{"id":"4"},"jnews_social_meta":[],"jnews_override_counter":{"view_counter_number":"0","share_counter_number":"0","like_counter_number":"0","dislike_counter_number":"0"},"footnotes":""},"categories":[4,2,47],"tags":[23,54],"class_list":["post-31331","post","type-post","status-publish","format-standard","has-post-thumbnail","hentry","category-futbol","category-haberler","category-profesyonel-a-futbol-takimi","tag-fenerbahce","tag-futbol"],"amp_enabled":true,"_links":{"self":[{"href":"https:\/\/www.fener.org\/index.php\/wp-json\/wp\/v2\/posts\/31331","targetHints":{"allow":["GET"]}}],"collection":[{"href":"https:\/\/www.fener.org\/index.php\/wp-json\/wp\/v2\/posts"}],"about":[{"href":"https:\/\/www.fener.org\/index.php\/wp-json\/wp\/v2\/types\/post"}],"author":[{"embeddable":true,"href":"https:\/\/www.fener.org\/index.php\/wp-json\/wp\/v2\/users\/1"}],"replies":[{"embeddable":true,"href":"https:\/\/www.fener.org\/index.php\/wp-json\/wp\/v2\/comments?post=31331"}],"version-history":[{"count":1,"href":"https:\/\/www.fener.org\/index.php\/wp-json\/wp\/v2\/posts\/31331\/revisions"}],"predecessor-version":[{"id":31333,"href":"https:\/\/www.fener.org\/index.php\/wp-json\/wp\/v2\/posts\/31331\/revisions\/31333"}],"wp:featuredmedia":[{"embeddable":true,"href":"https:\/\/www.fener.org\/index.php\/wp-json\/wp\/v2\/media\/31332"}],"wp:attachment":[{"href":"https:\/\/www.fener.org\/index.php\/wp-json\/wp\/v2\/media?parent=31331"}],"wp:term":[{"taxonomy":"category","embeddable":true,"href":"https:\/\/www.fener.org\/index.php\/wp-json\/wp\/v2\/categories?post=31331"},{"taxonomy":"post_tag","embeddable":true,"href":"https:\/\/www.fener.org\/index.php\/wp-json\/wp\/v2\/tags?post=31331"}],"curies":[{"name":"wp","href":"https:\/\/api.w.org\/{rel}","templated":true}]}}