{"id":31313,"date":"2026-09-03T16:56:36","date_gmt":"2026-09-03T13:56:36","guid":{"rendered":"https:\/\/www.fener.org\/?p=31313"},"modified":"2026-09-03T16:56:39","modified_gmt":"2026-09-03T13:56:39","slug":"atletimiz-silan-ayyildizdan-bronz-madalya","status":"publish","type":"post","link":"https:\/\/www.fener.org\/index.php\/2026\/09\/03\/atletimiz-silan-ayyildizdan-bronz-madalya\/","title":{"rendered":"Atletimiz \u015eilan Ayy\u0131ld\u0131z\u2019dan bronz madalya"},"content":{"rendered":"\n<p>Oyunlarda \u00fclkemizi temsil eden Fenerbah\u00e7eli mill\u00ee atletimiz \u015eilan Ayy\u0131ld\u0131z, kad\u0131nlar 1500 metre finalinde piste \u00e7\u0131kt\u0131. Atletimiz, 4:09.79\u2019luk dereceyle bronz madalyan\u0131n sahibi oldu.<\/p>\n\n\n\n<p>Sporcumuz, organizasyonda ge\u00e7ti\u011fimiz g\u00fcnlerde kad\u0131nlar 5000m finalinde sezonun en iyi derecesine imza atarak bronz madalya kazanm\u0131\u015ft\u0131.<\/p>\n","protected":false},"excerpt":{"rendered":"<p>Oyunlarda \u00fclkemizi temsil eden Fenerbah\u00e7eli mill\u00ee atletimiz \u015eilan Ayy\u0131ld\u0131z, kad\u0131nlar 1500 metre finalinde piste \u00e7\u0131kt\u0131. Atletimiz, 4:09.79\u2019luk dereceyle bronz madalyan\u0131n sahibi oldu. Sporcumuz, organizasyonda ge\u00e7ti\u011fimiz g\u00fcnlerde kad\u0131nlar 5000m finalinde sezonun en iyi derecesine imza atarak bronz madalya kazanm\u0131\u015ft\u0131.<\/p>\n","protected":false},"author":1,"featured_media":31289,"comment_status":"closed","ping_status":"closed","sticky":false,"template":"","format":"standard","meta":{"jnews-multi-image_gallery":[],"jnews_single_post":{"format":"standard","override":[{"template":"1","parallax":"1","fullscreen":"1","layout":"right-sidebar","sidebar":"mysidebar","second_sidebar":"default-sidebar","sticky_sidebar":"1","share_position":"float","share_float_style":"share-normal","show_share_counter":"1","show_view_counter":"1","show_featured":"1","show_post_meta":"1","show_post_author_image":"1","show_post_date":"1","post_date_format":"default","post_date_format_custom":"Y\/m\/d","show_post_reading_time":"0","post_reading_time_wpm":"300","post_calculate_word_method":"str_word_count","show_zoom_button":"0","zoom_button_out_step":"2","zoom_button_in_step":"3","show_prev_next_post":"1","show_comment_section":"1","number_popup_post":"3","show_author_box":"0","show_post_related":"0","show_inline_post_related":"0"}],"image_override":[{"single_post_thumbnail_size":"crop-500","single_post_gallery_size":"crop-500"}],"trending_post_position":"meta","trending_post_label":"Trending","sponsored_post_label":"Sponsored by","disable_ad":"0"},"jnews_primary_category":{"id":"13"},"jnews_social_meta":[],"jnews_override_counter":{"view_counter_number":"0","share_counter_number":"0","like_counter_number":"0","dislike_counter_number":"0"},"footnotes":""},"categories":[13,2],"tags":[32,23],"class_list":["post-31313","post","type-post","status-publish","format-standard","has-post-thumbnail","hentry","category-atletizm","category-haberler","tag-atletizm","tag-fenerbahce"],"amp_enabled":true,"_links":{"self":[{"href":"https:\/\/www.fener.org\/index.php\/wp-json\/wp\/v2\/posts\/31313","targetHints":{"allow":["GET"]}}],"collection":[{"href":"https:\/\/www.fener.org\/index.php\/wp-json\/wp\/v2\/posts"}],"about":[{"href":"https:\/\/www.fener.org\/index.php\/wp-json\/wp\/v2\/types\/post"}],"author":[{"embeddable":true,"href":"https:\/\/www.fener.org\/index.php\/wp-json\/wp\/v2\/users\/1"}],"replies":[{"embeddable":true,"href":"https:\/\/www.fener.org\/index.php\/wp-json\/wp\/v2\/comments?post=31313"}],"version-history":[{"count":1,"href":"https:\/\/www.fener.org\/index.php\/wp-json\/wp\/v2\/posts\/31313\/revisions"}],"predecessor-version":[{"id":31314,"href":"https:\/\/www.fener.org\/index.php\/wp-json\/wp\/v2\/posts\/31313\/revisions\/31314"}],"wp:featuredmedia":[{"embeddable":true,"href":"https:\/\/www.fener.org\/index.php\/wp-json\/wp\/v2\/media\/31289"}],"wp:attachment":[{"href":"https:\/\/www.fener.org\/index.php\/wp-json\/wp\/v2\/media?parent=31313"}],"wp:term":[{"taxonomy":"category","embeddable":true,"href":"https:\/\/www.fener.org\/index.php\/wp-json\/wp\/v2\/categories?post=31313"},{"taxonomy":"post_tag","embeddable":true,"href":"https:\/\/www.fener.org\/index.php\/wp-json\/wp\/v2\/tags?post=31313"}],"curies":[{"name":"wp","href":"https:\/\/api.w.org\/{rel}","templated":true}]}}