{"id":31311,"date":"2026-09-03T16:54:40","date_gmt":"2026-09-03T13:54:40","guid":{"rendered":"https:\/\/www.fener.org\/?p=31311"},"modified":"2026-09-03T16:54:43","modified_gmt":"2026-09-03T13:54:43","slug":"atletimiz-ersu-sasma-akdeniz-oyunlari-ikincisi-oldu","status":"publish","type":"post","link":"https:\/\/www.fener.org\/index.php\/2026\/09\/03\/atletimiz-ersu-sasma-akdeniz-oyunlari-ikincisi-oldu\/","title":{"rendered":"Atletimiz Ersu \u015ea\u015fma, Akdeniz Oyunlar\u0131 \u0130kincisi oldu"},"content":{"rendered":"\n<p>\u0130talya\u2019n\u0131n Taranto kentinde Akdeniz \u00fclkelerinin kat\u0131l\u0131m\u0131yla d\u00f6rt y\u0131lda bir d\u00fczenlenen 20. Akdeniz Oyunlar\u0131\u2019nda ak\u015fam seans\u0131nda yap\u0131lan atletizm bran\u015f\u0131 final m\u00fcsabakalar\u0131nda bir madalya haberi de Olimpik atletimiz Ersu \u015ea\u015fma\u2019dan geldi.<\/p>\n\n\n\n<p>Erkekler s\u0131r\u0131kla atlama finalinde m\u00fccadele eden rekortmen atletimiz Ersu \u015ea\u015fma, 5.70\u2019lik derecesiyle Akdeniz Oyunlar\u0131 \u0130kincisi oldu ve g\u00fcm\u00fc\u015f madalya kazand\u0131.<\/p>\n\n\n\n<p>Fenerbah\u00e7eli Olimpik atletimiz Ersu \u015ea\u015fma, 2022 y\u0131l\u0131nda Cezayir&#8217;in Vahran kentinde yap\u0131lan Akdeniz Oyunlar\u0131&#8217;nda 5.75\u2019lik derecesiyle podyuma \u00e7\u0131karak madalyaya uzanm\u0131\u015ft\u0131.<\/p>\n","protected":false},"excerpt":{"rendered":"<p>\u0130talya\u2019n\u0131n Taranto kentinde Akdeniz \u00fclkelerinin kat\u0131l\u0131m\u0131yla d\u00f6rt y\u0131lda bir d\u00fczenlenen 20. Akdeniz Oyunlar\u0131\u2019nda ak\u015fam seans\u0131nda yap\u0131lan atletizm bran\u015f\u0131 final m\u00fcsabakalar\u0131nda bir madalya haberi de Olimpik atletimiz Ersu \u015ea\u015fma\u2019dan geldi. Erkekler s\u0131r\u0131kla atlama finalinde m\u00fccadele eden rekortmen atletimiz Ersu \u015ea\u015fma, 5.70\u2019lik derecesiyle Akdeniz Oyunlar\u0131 \u0130kincisi oldu ve g\u00fcm\u00fc\u015f madalya kazand\u0131. Fenerbah\u00e7eli Olimpik atletimiz Ersu \u015ea\u015fma, 2022 [&hellip;]<\/p>\n","protected":false},"author":1,"featured_media":28339,"comment_status":"closed","ping_status":"closed","sticky":false,"template":"","format":"standard","meta":{"jnews-multi-image_gallery":[],"jnews_single_post":{"format":"standard","override":[{"template":"1","parallax":"1","fullscreen":"1","layout":"right-sidebar","sidebar":"mysidebar","second_sidebar":"default-sidebar","sticky_sidebar":"1","share_position":"float","share_float_style":"share-normal","show_share_counter":"1","show_view_counter":"1","show_featured":"1","show_post_meta":"1","show_post_author_image":"1","show_post_date":"1","post_date_format":"default","post_date_format_custom":"Y\/m\/d","show_post_reading_time":"0","post_reading_time_wpm":"300","post_calculate_word_method":"str_word_count","show_zoom_button":"0","zoom_button_out_step":"2","zoom_button_in_step":"3","show_prev_next_post":"1","show_comment_section":"1","number_popup_post":"3","show_author_box":"0","show_post_related":"0","show_inline_post_related":"0"}],"image_override":[{"single_post_thumbnail_size":"crop-500","single_post_gallery_size":"crop-500"}],"trending_post_position":"meta","trending_post_label":"Trending","sponsored_post_label":"Sponsored by","disable_ad":"0"},"jnews_primary_category":{"id":"13"},"jnews_social_meta":[],"jnews_override_counter":{"view_counter_number":"0","share_counter_number":"0","like_counter_number":"0","dislike_counter_number":"0"},"footnotes":""},"categories":[13,2],"tags":[32,23],"class_list":["post-31311","post","type-post","status-publish","format-standard","has-post-thumbnail","hentry","category-atletizm","category-haberler","tag-atletizm","tag-fenerbahce"],"amp_enabled":true,"_links":{"self":[{"href":"https:\/\/www.fener.org\/index.php\/wp-json\/wp\/v2\/posts\/31311","targetHints":{"allow":["GET"]}}],"collection":[{"href":"https:\/\/www.fener.org\/index.php\/wp-json\/wp\/v2\/posts"}],"about":[{"href":"https:\/\/www.fener.org\/index.php\/wp-json\/wp\/v2\/types\/post"}],"author":[{"embeddable":true,"href":"https:\/\/www.fener.org\/index.php\/wp-json\/wp\/v2\/users\/1"}],"replies":[{"embeddable":true,"href":"https:\/\/www.fener.org\/index.php\/wp-json\/wp\/v2\/comments?post=31311"}],"version-history":[{"count":1,"href":"https:\/\/www.fener.org\/index.php\/wp-json\/wp\/v2\/posts\/31311\/revisions"}],"predecessor-version":[{"id":31312,"href":"https:\/\/www.fener.org\/index.php\/wp-json\/wp\/v2\/posts\/31311\/revisions\/31312"}],"wp:featuredmedia":[{"embeddable":true,"href":"https:\/\/www.fener.org\/index.php\/wp-json\/wp\/v2\/media\/28339"}],"wp:attachment":[{"href":"https:\/\/www.fener.org\/index.php\/wp-json\/wp\/v2\/media?parent=31311"}],"wp:term":[{"taxonomy":"category","embeddable":true,"href":"https:\/\/www.fener.org\/index.php\/wp-json\/wp\/v2\/categories?post=31311"},{"taxonomy":"post_tag","embeddable":true,"href":"https:\/\/www.fener.org\/index.php\/wp-json\/wp\/v2\/tags?post=31311"}],"curies":[{"name":"wp","href":"https:\/\/api.w.org\/{rel}","templated":true}]}}