{"id":31308,"date":"2026-09-03T16:52:38","date_gmt":"2026-09-03T13:52:38","guid":{"rendered":"https:\/\/www.fener.org\/?p=31308"},"modified":"2026-09-03T16:52:41","modified_gmt":"2026-09-03T13:52:41","slug":"ozlem-becerekten-bronz-madalya-2","status":"publish","type":"post","link":"https:\/\/www.fener.org\/index.php\/2026\/09\/03\/ozlem-becerekten-bronz-madalya-2\/","title":{"rendered":"\u00d6zlem Becerek\u2019ten bronz madalya"},"content":{"rendered":"\n<p>Taranto 2026 Akdeniz Oyunlar\u0131\u2019nda \u00fclkemizi atletizm kad\u0131nlar disk atmada temsil eden Fenerbah\u00e7eli mill\u00ee atletimiz \u00d6zlem Becerek, performans\u0131yla madalyaya uzand\u0131.<br><br>S\u0131ras\u0131yla; 55.82, 54.62, 55.34 ve 58.75 atan mill\u00ee sporcumuz, be\u015finci hakk\u0131ndaki 60.18\u2019lik derecesiyle finali \u00fc\u00e7\u00fcnc\u00fc s\u0131rada tamamlayarak bronz madalya kazand\u0131.<br><br><strong>4&#215;400 metre bayrak tak\u0131m\u0131m\u0131zdan bronz madalya<\/strong><br><br>Oyunlarda 4&#215;400 metre bayrak yar\u0131\u015f\u0131nda piste \u00e7\u0131kan mill\u00ee atletimiz \u015eilan Ayy\u0131ld\u0131z ile milli sporcular Simay \u00d6z\u00e7ift\u00e7i, Elif Polat ve S\u0131la Kolo\u011flu\u2019nda olu\u015fan bayrak tak\u0131m\u0131m\u0131z, 3:40.99\u2019luk derecesiyle bronz madalya kazanma ba\u015far\u0131s\u0131 g\u00f6sterdi.<br><br>\u00d6te yandan bug\u00fcn erkekler 200 metre finalinde piste \u00e7\u0131kan Fenerbah\u00e7eli mill\u00ee atletimiz O\u011fuz Uyar, 20.82\u2019yle 5\u2019incilik elde ederken; 4&#215;100 metre kar\u0131\u015f\u0131k bayrak tak\u0131m\u0131nda yer alan atletlerimiz Kayhan \u00d6zer ve O\u011fuz Uyar ile milli sporcular Simay \u00d6z\u00e7ift\u00e7i ve Elif Polat, 42.17\u2019yle d\u00f6rd\u00fcnc\u00fc oldu.<\/p>\n","protected":false},"excerpt":{"rendered":"<p>Taranto 2026 Akdeniz Oyunlar\u0131\u2019nda \u00fclkemizi atletizm kad\u0131nlar disk atmada temsil eden Fenerbah\u00e7eli mill\u00ee atletimiz \u00d6zlem Becerek, performans\u0131yla madalyaya uzand\u0131. S\u0131ras\u0131yla; 55.82, 54.62, 55.34 ve 58.75 atan mill\u00ee sporcumuz, be\u015finci hakk\u0131ndaki 60.18\u2019lik derecesiyle finali \u00fc\u00e7\u00fcnc\u00fc s\u0131rada tamamlayarak bronz madalya kazand\u0131. 4&#215;400 metre bayrak tak\u0131m\u0131m\u0131zdan bronz madalya Oyunlarda 4&#215;400 metre bayrak yar\u0131\u015f\u0131nda piste \u00e7\u0131kan mill\u00ee atletimiz \u015eilan [&hellip;]<\/p>\n","protected":false},"author":1,"featured_media":31309,"comment_status":"closed","ping_status":"closed","sticky":false,"template":"","format":"standard","meta":{"jnews-multi-image_gallery":[],"jnews_single_post":{"format":"standard","override":[{"template":"1","parallax":"1","fullscreen":"1","layout":"right-sidebar","sidebar":"mysidebar","second_sidebar":"default-sidebar","sticky_sidebar":"1","share_position":"float","share_float_style":"share-normal","show_share_counter":"1","show_view_counter":"1","show_featured":"1","show_post_meta":"1","show_post_author_image":"1","show_post_date":"1","post_date_format":"default","post_date_format_custom":"Y\/m\/d","show_post_reading_time":"0","post_reading_time_wpm":"300","post_calculate_word_method":"str_word_count","show_zoom_button":"0","zoom_button_out_step":"2","zoom_button_in_step":"3","show_prev_next_post":"1","show_comment_section":"1","number_popup_post":"3","show_author_box":"0","show_post_related":"0","show_inline_post_related":"0"}],"image_override":[{"single_post_thumbnail_size":"crop-500","single_post_gallery_size":"crop-500"}],"trending_post_position":"meta","trending_post_label":"Trending","sponsored_post_label":"Sponsored by","disable_ad":"0"},"jnews_primary_category":{"id":"13"},"jnews_social_meta":[],"jnews_override_counter":{"view_counter_number":"0","share_counter_number":"0","like_counter_number":"0","dislike_counter_number":"0"},"footnotes":""},"categories":[13,2],"tags":[32,23],"class_list":["post-31308","post","type-post","status-publish","format-standard","has-post-thumbnail","hentry","category-atletizm","category-haberler","tag-atletizm","tag-fenerbahce"],"amp_enabled":true,"_links":{"self":[{"href":"https:\/\/www.fener.org\/index.php\/wp-json\/wp\/v2\/posts\/31308","targetHints":{"allow":["GET"]}}],"collection":[{"href":"https:\/\/www.fener.org\/index.php\/wp-json\/wp\/v2\/posts"}],"about":[{"href":"https:\/\/www.fener.org\/index.php\/wp-json\/wp\/v2\/types\/post"}],"author":[{"embeddable":true,"href":"https:\/\/www.fener.org\/index.php\/wp-json\/wp\/v2\/users\/1"}],"replies":[{"embeddable":true,"href":"https:\/\/www.fener.org\/index.php\/wp-json\/wp\/v2\/comments?post=31308"}],"version-history":[{"count":1,"href":"https:\/\/www.fener.org\/index.php\/wp-json\/wp\/v2\/posts\/31308\/revisions"}],"predecessor-version":[{"id":31310,"href":"https:\/\/www.fener.org\/index.php\/wp-json\/wp\/v2\/posts\/31308\/revisions\/31310"}],"wp:featuredmedia":[{"embeddable":true,"href":"https:\/\/www.fener.org\/index.php\/wp-json\/wp\/v2\/media\/31309"}],"wp:attachment":[{"href":"https:\/\/www.fener.org\/index.php\/wp-json\/wp\/v2\/media?parent=31308"}],"wp:term":[{"taxonomy":"category","embeddable":true,"href":"https:\/\/www.fener.org\/index.php\/wp-json\/wp\/v2\/categories?post=31308"},{"taxonomy":"post_tag","embeddable":true,"href":"https:\/\/www.fener.org\/index.php\/wp-json\/wp\/v2\/tags?post=31308"}],"curies":[{"name":"wp","href":"https:\/\/api.w.org\/{rel}","templated":true}]}}