{"id":31298,"date":"2026-09-01T13:59:01","date_gmt":"2026-09-01T10:59:01","guid":{"rendered":"https:\/\/www.fener.org\/?p=31298"},"modified":"2026-09-01T13:59:05","modified_gmt":"2026-09-01T10:59:05","slug":"colette-ndzana-fenerbahce-arsavevde","status":"publish","type":"post","link":"https:\/\/www.fener.org\/index.php\/2026\/09\/01\/colette-ndzana-fenerbahce-arsavevde\/","title":{"rendered":"Colette Ndzana Fenerbah\u00e7e arsaVev&#8217;de"},"content":{"rendered":"\n<p>Fenerbah\u00e7e arsaVev Kad\u0131n Futbol Tak\u0131m\u0131m\u0131z, ge\u00e7ti\u011fimiz sezon Fransa Kad\u0131nlar 1. Ligi tak\u0131mlar\u0131ndan Dijon FC formas\u0131 giyen 26 ya\u015f\u0131ndaki sol bek oyuncusu Kamerunlu Colette Ndzana\u2019y\u0131 kadrosuna katt\u0131.<\/p>\n\n\n\n<p>Kul\u00fcb\u00fcm\u00fczden yap\u0131lan a\u00e7\u0131klamada \u015fu ifadeler yer ald\u0131:<\/p>\n\n\n\n<blockquote class=\"wp-block-quote is-layout-flow wp-block-quote-is-layout-flow\">\n<p>Fenerbah\u00e7e arsaVev Kad\u0131n Futbol Tak\u0131m\u0131m\u0131z, ge\u00e7ti\u011fimiz sezon Fransa Kad\u0131nlar 1. Ligi tak\u0131mlar\u0131ndan Dijon FC formas\u0131 giyen Colette Ndzana\u2019y\u0131 kadrosuna katt\u0131.<br><br>Kamerun Kad\u0131n A Milli tak\u0131m formas\u0131 da giyen 26 ya\u015f\u0131ndaki sol bek oyuncusu kendisini sezon sonuna kadar sar\u0131 lacivert renklere ba\u011flayan s\u00f6zle\u015fmeye imza att\u0131.<br><br>Oyuncumuza \u2018Kul\u00fcb\u00fcm\u00fcze Ho\u015f Geldin\u2019 diyor; \u00e7ubuklu formam\u0131zla nice ba\u015far\u0131lar diliyoruz.<br><br><strong>Fenerbah\u00e7e Spor Kul\u00fcb\u00fc<\/strong><\/p>\n<\/blockquote>\n","protected":false},"excerpt":{"rendered":"<p>Fenerbah\u00e7e arsaVev Kad\u0131n Futbol Tak\u0131m\u0131m\u0131z, ge\u00e7ti\u011fimiz sezon Fransa Kad\u0131nlar 1. Ligi tak\u0131mlar\u0131ndan Dijon FC formas\u0131 giyen 26 ya\u015f\u0131ndaki sol bek oyuncusu Kamerunlu Colette Ndzana\u2019y\u0131 kadrosuna katt\u0131. Kul\u00fcb\u00fcm\u00fczden yap\u0131lan a\u00e7\u0131klamada \u015fu ifadeler yer ald\u0131: Fenerbah\u00e7e arsaVev Kad\u0131n Futbol Tak\u0131m\u0131m\u0131z, ge\u00e7ti\u011fimiz sezon Fransa Kad\u0131nlar 1. Ligi tak\u0131mlar\u0131ndan Dijon FC formas\u0131 giyen Colette Ndzana\u2019y\u0131 kadrosuna katt\u0131. Kamerun Kad\u0131n [&hellip;]<\/p>\n","protected":false},"author":1,"featured_media":31299,"comment_status":"closed","ping_status":"closed","sticky":false,"template":"","format":"standard","meta":{"jnews-multi-image_gallery":[],"jnews_single_post":{"format":"standard","override":[{"template":"1","parallax":"1","fullscreen":"1","layout":"right-sidebar","sidebar":"mysidebar","second_sidebar":"default-sidebar","sticky_sidebar":"1","share_position":"float","share_float_style":"share-normal","show_share_counter":"1","show_view_counter":"1","show_featured":"1","show_post_meta":"1","show_post_author_image":"1","show_post_date":"1","post_date_format":"default","post_date_format_custom":"Y\/m\/d","show_post_reading_time":"0","post_reading_time_wpm":"300","post_calculate_word_method":"str_word_count","show_zoom_button":"0","zoom_button_out_step":"2","zoom_button_in_step":"3","show_prev_next_post":"1","show_comment_section":"1","number_popup_post":"3","show_author_box":"0","show_post_related":"0","show_inline_post_related":"0"}],"image_override":[{"single_post_thumbnail_size":"crop-500","single_post_gallery_size":"crop-500"}],"trending_post_position":"meta","trending_post_label":"Trending","sponsored_post_label":"Sponsored by","disable_ad":"0","subtitle":"Fenerbah\u00e7e Kad\u0131n Futbol Tak\u0131m\u0131m\u0131z, Kamerunlu defans oyuncusu Colette Ndzana\u2019y\u0131 renklerine ba\u011flad\u0131."},"jnews_primary_category":{"id":"4"},"jnews_social_meta":[],"jnews_override_counter":{"view_counter_number":"0","share_counter_number":"0","like_counter_number":"0","dislike_counter_number":"0"},"footnotes":""},"categories":[4,2,191],"tags":[23,192],"class_list":["post-31298","post","type-post","status-publish","format-standard","has-post-thumbnail","hentry","category-futbol","category-haberler","category-kadin-futbol","tag-fenerbahce","tag-kadinfutbol"],"amp_enabled":true,"_links":{"self":[{"href":"https:\/\/www.fener.org\/index.php\/wp-json\/wp\/v2\/posts\/31298","targetHints":{"allow":["GET"]}}],"collection":[{"href":"https:\/\/www.fener.org\/index.php\/wp-json\/wp\/v2\/posts"}],"about":[{"href":"https:\/\/www.fener.org\/index.php\/wp-json\/wp\/v2\/types\/post"}],"author":[{"embeddable":true,"href":"https:\/\/www.fener.org\/index.php\/wp-json\/wp\/v2\/users\/1"}],"replies":[{"embeddable":true,"href":"https:\/\/www.fener.org\/index.php\/wp-json\/wp\/v2\/comments?post=31298"}],"version-history":[{"count":1,"href":"https:\/\/www.fener.org\/index.php\/wp-json\/wp\/v2\/posts\/31298\/revisions"}],"predecessor-version":[{"id":31300,"href":"https:\/\/www.fener.org\/index.php\/wp-json\/wp\/v2\/posts\/31298\/revisions\/31300"}],"wp:featuredmedia":[{"embeddable":true,"href":"https:\/\/www.fener.org\/index.php\/wp-json\/wp\/v2\/media\/31299"}],"wp:attachment":[{"href":"https:\/\/www.fener.org\/index.php\/wp-json\/wp\/v2\/media?parent=31298"}],"wp:term":[{"taxonomy":"category","embeddable":true,"href":"https:\/\/www.fener.org\/index.php\/wp-json\/wp\/v2\/categories?post=31298"},{"taxonomy":"post_tag","embeddable":true,"href":"https:\/\/www.fener.org\/index.php\/wp-json\/wp\/v2\/tags?post=31298"}],"curies":[{"name":"wp","href":"https:\/\/api.w.org\/{rel}","templated":true}]}}