{"id":30797,"date":"2026-05-03T15:17:42","date_gmt":"2026-05-03T12:17:42","guid":{"rendered":"https:\/\/www.fener.org\/?p=30797"},"modified":"2026-05-03T15:17:45","modified_gmt":"2026-05-03T12:17:45","slug":"fenerbahce-arsavev-1-0-ankara-bsb-fomget","status":"publish","type":"post","link":"https:\/\/www.fener.org\/index.php\/2026\/05\/03\/fenerbahce-arsavev-1-0-ankara-bsb-fomget\/","title":{"rendered":"Fenerbah\u00e7e arsaVev 1-0 Ankara B\u015eB Fomget"},"content":{"rendered":"\n<p>Fenerbah\u00e7e arsaVev Kad\u0131n Futbol Tak\u0131m\u0131m\u0131z, Turkcell Kad\u0131n Futbol S\u00fcper Ligi\u2019nin 27. haftas\u0131nda konuk etti\u011fi Ankara B\u00fcy\u00fck\u015fehir Belediyesi Fomget Spor Kul\u00fcb\u00fc\u2019n\u00fc 1-0 yendi ve puan\u0131n\u0131 74\u2019e y\u00fckseltti.<\/p>\n\n\n\n<p>Bu galibiyetle ligin bitimine 3 hafta kala en yak\u0131n takip\u00e7isiyle puan fark\u0131n\u0131 6\u2019ya \u00e7\u0131kartan ekibimiz, haftaya Giresun deplasman\u0131ndan galip ayr\u0131larak, \u015fampiyonlu\u011funu ilan etmeyi hedefliyor.<\/p>\n\n\n\n<p>Fenerbah\u00e7e Lefter K\u00fc\u00e7\u00fckandonyadis Tesisleri&#8217;nde oynanan ma\u00e7ta tek gol\u00fcm\u00fcz\u00fc Ece T\u00fcrko\u011flu kaydetti. 30. dakikada sol kanattan Busem \u015eeker\u2019in kulland\u0131\u011f\u0131 k\u00f6\u015fe vuru\u015funda ceza sahas\u0131 i\u00e7inde olu\u015fan karambolde topu a\u011flarla bulu\u015fturan Ece T\u00fcrko\u011flu, tak\u0131m\u0131m\u0131za \u00fc\u00e7 puan\u0131 getiren gol\u00fc att\u0131.<\/p>\n\n\n\n<p>Kad\u0131n Futbol Tak\u0131m\u0131m\u0131z, 28. hafta ma\u00e7\u0131nda Prolift Giresun Sanayispor\u2019a konuk olacak. 10 May\u0131s Pazar g\u00fcn\u00fc 75. Y\u0131l F.S\u2019de oynanacak ma\u00e7 saat 13.00\u2019te ba\u015flayacak.<\/p>\n","protected":false},"excerpt":{"rendered":"<p>Fenerbah\u00e7e arsaVev Kad\u0131n Futbol Tak\u0131m\u0131m\u0131z, Turkcell Kad\u0131n Futbol S\u00fcper Ligi\u2019nin 27. haftas\u0131nda konuk etti\u011fi Ankara B\u00fcy\u00fck\u015fehir Belediyesi Fomget Spor Kul\u00fcb\u00fc\u2019n\u00fc 1-0 yendi ve puan\u0131n\u0131 74\u2019e y\u00fckseltti. Bu galibiyetle ligin bitimine 3 hafta kala en yak\u0131n takip\u00e7isiyle puan fark\u0131n\u0131 6\u2019ya \u00e7\u0131kartan ekibimiz, haftaya Giresun deplasman\u0131ndan galip ayr\u0131larak, \u015fampiyonlu\u011funu ilan etmeyi hedefliyor. Fenerbah\u00e7e Lefter K\u00fc\u00e7\u00fckandonyadis Tesisleri&#8217;nde oynanan [&hellip;]<\/p>\n","protected":false},"author":1,"featured_media":30798,"comment_status":"closed","ping_status":"closed","sticky":false,"template":"","format":"standard","meta":{"jnews-multi-image_gallery":[],"jnews_single_post":{"format":"standard","override":[{"template":"1","parallax":"1","fullscreen":"1","layout":"right-sidebar","sidebar":"mysidebar","second_sidebar":"default-sidebar","sticky_sidebar":"1","share_position":"float","share_float_style":"share-normal","show_share_counter":"1","show_view_counter":"1","show_featured":"1","show_post_meta":"1","show_post_author_image":"1","show_post_date":"1","post_date_format":"default","post_date_format_custom":"Y\/m\/d","show_post_reading_time":"0","post_reading_time_wpm":"300","post_calculate_word_method":"str_word_count","show_zoom_button":"0","zoom_button_out_step":"2","zoom_button_in_step":"3","show_prev_next_post":"1","show_comment_section":"1","number_popup_post":"3","show_author_box":"0","show_post_related":"0","show_inline_post_related":"0"}],"image_override":[{"single_post_thumbnail_size":"crop-500","single_post_gallery_size":"crop-500"}],"trending_post_position":"meta","trending_post_label":"Trending","sponsored_post_label":"Sponsored by","disable_ad":"0","subtitle":"Fenerbah\u00e7e Kad\u0131n Futbol Tak\u0131m\u0131m\u0131z, Kad\u0131n Futbol S\u00fcper Ligi\u2019nin 27. haftas\u0131nda konuk etti\u011fi Ankara B\u00fcy\u00fck\u015fehir Belediyesi Fomget Spor Kul\u00fcb\u00fc\u2019n\u00fc 1-0 ma\u011flup etti."},"jnews_primary_category":{"id":"4"},"jnews_social_meta":[],"jnews_override_counter":{"view_counter_number":"0","share_counter_number":"0","like_counter_number":"0","dislike_counter_number":"0"},"footnotes":""},"categories":[4,2,191],"tags":[23,192],"class_list":["post-30797","post","type-post","status-publish","format-standard","has-post-thumbnail","hentry","category-futbol","category-haberler","category-kadin-futbol","tag-fenerbahce","tag-kadinfutbol"],"amp_enabled":true,"_links":{"self":[{"href":"https:\/\/www.fener.org\/index.php\/wp-json\/wp\/v2\/posts\/30797","targetHints":{"allow":["GET"]}}],"collection":[{"href":"https:\/\/www.fener.org\/index.php\/wp-json\/wp\/v2\/posts"}],"about":[{"href":"https:\/\/www.fener.org\/index.php\/wp-json\/wp\/v2\/types\/post"}],"author":[{"embeddable":true,"href":"https:\/\/www.fener.org\/index.php\/wp-json\/wp\/v2\/users\/1"}],"replies":[{"embeddable":true,"href":"https:\/\/www.fener.org\/index.php\/wp-json\/wp\/v2\/comments?post=30797"}],"version-history":[{"count":1,"href":"https:\/\/www.fener.org\/index.php\/wp-json\/wp\/v2\/posts\/30797\/revisions"}],"predecessor-version":[{"id":30799,"href":"https:\/\/www.fener.org\/index.php\/wp-json\/wp\/v2\/posts\/30797\/revisions\/30799"}],"wp:featuredmedia":[{"embeddable":true,"href":"https:\/\/www.fener.org\/index.php\/wp-json\/wp\/v2\/media\/30798"}],"wp:attachment":[{"href":"https:\/\/www.fener.org\/index.php\/wp-json\/wp\/v2\/media?parent=30797"}],"wp:term":[{"taxonomy":"category","embeddable":true,"href":"https:\/\/www.fener.org\/index.php\/wp-json\/wp\/v2\/categories?post=30797"},{"taxonomy":"post_tag","embeddable":true,"href":"https:\/\/www.fener.org\/index.php\/wp-json\/wp\/v2\/tags?post=30797"}],"curies":[{"name":"wp","href":"https:\/\/api.w.org\/{rel}","templated":true}]}}