{"id":30791,"date":"2026-05-01T00:25:19","date_gmt":"2026-04-30T21:25:19","guid":{"rendered":"https:\/\/www.fener.org\/?p=30791"},"modified":"2026-05-01T00:25:23","modified_gmt":"2026-04-30T21:25:23","slug":"sarunas-jasikevicius-mucadelenin-genelinde-iyi-bir-basketbol-oynadik","status":"publish","type":"post","link":"https:\/\/www.fener.org\/index.php\/2026\/05\/01\/sarunas-jasikevicius-mucadelenin-genelinde-iyi-bir-basketbol-oynadik\/","title":{"rendered":"Sarunas Jasikevicius: M\u00fccadelenin genelinde iyi bir basketbol oynad\u0131k"},"content":{"rendered":"\n<p>Fenerbah\u00e7e Beko Erkek Basketbol Tak\u0131m\u0131m\u0131z\u0131n Ba\u015fantren\u00f6r\u00fc Sarunas Jasikevicius, Zalgiris Kaunas\u2019\u0131 86-74 ma\u011flup ederek 2-0 \u00f6ne ge\u00e7ti\u011fimiz play-off serisi ikinci ma\u00e7\u0131n\u0131n ard\u0131ndan d\u00fczenlenen bas\u0131n toplant\u0131s\u0131nda \u015fu a\u00e7\u0131klamalar\u0131 yapt\u0131:<\/p>\n\n\n\n<blockquote class=\"wp-block-quote is-layout-flow wp-block-quote-is-layout-flow\">\n<p>\u201cTaraftarlar\u0131m\u0131z\u0131 ve oyuncular\u0131m\u0131 tebrik ediyorum. \u00d6zellikle ilk iki kar\u015f\u0131la\u015fmada b\u00fct\u00fcn gece burada kal\u0131p bu kareografiyi, bu deste\u011fi, bu harika ortam\u0131 haz\u0131rlayan taraftarlar\u0131m\u0131za te\u015fekk\u00fcr ediyorum. Oyuncular kesinlikle bu enerjiyi hissetti. M\u00fccadelenin genelinde iyi bir basketbol oynad\u0131k. M\u00fccadelenin genelinde agresiftik. Rakibimizin agresif ve fiziksel olmas\u0131n\u0131 bekliyorduk ve buna cevap verdik. Ama bundan sonras\u0131 i\u00e7in sakin ve m\u00fctevaz\u0131 kalmay\u0131 ba\u015farmal\u0131y\u0131z. Son 2-3 haftada yapt\u0131\u011f\u0131m\u0131z iyi idmanlar\u0131 ve geli\u015fimi devam ettirerek serinin kalan\u0131na haz\u0131rlanmal\u0131y\u0131z.<\/p>\n\n\n\n<p>Play-off d\u00f6nemindeyiz. Zalgiris\u2019in sert bir tak\u0131m oldu\u011funu biliyorduk. Savunmay\u0131 \u00e7ok fazla de\u011fi\u015ftirebiliyorlar, sizi kendi d\u00fczeninizden d\u0131\u015far\u0131 itebiliyorlar. Ben iki kar\u015f\u0131la\u015fmada tak\u0131m\u0131n \u00e7ok iyi bir i\u015f \u00e7\u0131kard\u0131\u011f\u0131n\u0131, \u00f6zellikle \u00f6nemli b\u00f6l\u00fcmlerde \u00e7ok iyi basketbol oynad\u0131\u011f\u0131n\u0131 d\u00fc\u015f\u00fcn\u00fcyorum.<\/p>\n\n\n\n<p>Burada \u00f6nemli olan bir\u00e7ok \u015feyin kombinasyonu. Taktiklerden konu\u015furken asl\u0131nda detaylardan bahsediyorduk. Sava\u015fma ruhundan, onlar\u0131 fast breaklerde durdurabilmekten\u2026 Asl\u0131nda ikinci yar\u0131da fast breaklari durdurmakta iyi bir i\u015f \u00e7\u0131karmad\u0131k. 12 ya da 14 h\u0131zl\u0131 h\u00fccum say\u0131lar\u0131 vard\u0131. Bir\u00e7ok farkl\u0131 kombinasyondan bahsedebiliriz. Sonu\u00e7ta kar\u015f\u0131m\u0131zda EuroLeague\u2019in en iyi be\u015finci tak\u0131m\u0131 var. \u00c7ok iyi bir tak\u0131m, \u00e7ok iyi bir ko\u00e7 taraf\u0131ndan y\u00f6netiliyorlar. Bir\u00e7ok Veteran ve iyi oyuncular\u0131 var.<\/p>\n\n\n\n<p>Onlar\u0131n ana h\u00fccumlar\u0131n\u0131 durdurmay\u0131, yava\u015flatmay\u0131 ba\u015fard\u0131k. Bench katk\u0131lar\u0131n\u0131 s\u0131n\u0131rlad\u0131k fakat Kaunas\u2019ta kesinlikle farkl\u0131 bir atmosfer bizi bekleyecek \u00e7\u00fcnk\u00fc kendi evlerinde \u00e7ok daha fazla oyuncudan farkl\u0131 \u015fekilde katk\u0131 alabilece\u011fini biliyorum.<\/p>\n\n\n\n<p>Asl\u0131nda Mika bu sezon bir\u00e7ok iyi kar\u015f\u0131la\u015fma \u00e7\u0131kard\u0131. Biz onu en iyi \u015fekilde en iyi pozisyonlarda kullanmaya \u00e7al\u0131\u015f\u0131yoruz ama \u00f6nemli olan onun her idmanda, her kar\u015f\u0131la\u015fmada %100\u2019\u00fcn\u00fc vererek katk\u0131 vermeye \u00e7al\u0131\u015fmas\u0131.\u201d<\/p>\n<\/blockquote>\n","protected":false},"excerpt":{"rendered":"<p>Fenerbah\u00e7e Beko Erkek Basketbol Tak\u0131m\u0131m\u0131z\u0131n Ba\u015fantren\u00f6r\u00fc Sarunas Jasikevicius, Zalgiris Kaunas\u2019\u0131 86-74 ma\u011flup ederek 2-0 \u00f6ne ge\u00e7ti\u011fimiz play-off serisi ikinci ma\u00e7\u0131n\u0131n ard\u0131ndan d\u00fczenlenen bas\u0131n toplant\u0131s\u0131nda \u015fu a\u00e7\u0131klamalar\u0131 yapt\u0131: \u201cTaraftarlar\u0131m\u0131z\u0131 ve oyuncular\u0131m\u0131 tebrik ediyorum. \u00d6zellikle ilk iki kar\u015f\u0131la\u015fmada b\u00fct\u00fcn gece burada kal\u0131p bu kareografiyi, bu deste\u011fi, bu harika ortam\u0131 haz\u0131rlayan taraftarlar\u0131m\u0131za te\u015fekk\u00fcr ediyorum. Oyuncular kesinlikle bu enerjiyi [&hellip;]<\/p>\n","protected":false},"author":1,"featured_media":30792,"comment_status":"closed","ping_status":"closed","sticky":false,"template":"","format":"standard","meta":{"jnews-multi-image_gallery":[],"jnews_single_post":{"format":"standard","override":[{"template":"1","parallax":"1","fullscreen":"1","layout":"right-sidebar","sidebar":"mysidebar","second_sidebar":"default-sidebar","sticky_sidebar":"1","share_position":"float","share_float_style":"share-normal","show_share_counter":"1","show_view_counter":"1","show_featured":"1","show_post_meta":"1","show_post_author_image":"1","show_post_date":"1","post_date_format":"default","post_date_format_custom":"Y\/m\/d","show_post_reading_time":"0","post_reading_time_wpm":"300","post_calculate_word_method":"str_word_count","show_zoom_button":"0","zoom_button_out_step":"2","zoom_button_in_step":"3","show_prev_next_post":"1","show_comment_section":"1","number_popup_post":"3","show_author_box":"0","show_post_related":"0","show_inline_post_related":"0"}],"image_override":[{"single_post_thumbnail_size":"crop-500","single_post_gallery_size":"crop-500"}],"trending_post_position":"meta","trending_post_label":"Trending","sponsored_post_label":"Sponsored by","disable_ad":"0","subtitle":"Ba\u015fantren\u00f6r\u00fcm\u00fcz Sarunas Jasikevicius, Zalgiris Kaunas galibiyetinin ard\u0131ndan e\u011ferlendirmelerde bulundu."},"jnews_primary_category":{"id":"5"},"jnews_social_meta":[],"jnews_override_counter":{"view_counter_number":"0","share_counter_number":"0","like_counter_number":"0","dislike_counter_number":"0"},"footnotes":""},"categories":[5,6,2],"tags":[24,74,23],"class_list":["post-30791","post","type-post","status-publish","format-standard","has-post-thumbnail","hentry","category-basketbol","category-erkek-basketbol","category-haberler","tag-basketbol","tag-euroleague","tag-fenerbahce"],"amp_enabled":true,"_links":{"self":[{"href":"https:\/\/www.fener.org\/index.php\/wp-json\/wp\/v2\/posts\/30791","targetHints":{"allow":["GET"]}}],"collection":[{"href":"https:\/\/www.fener.org\/index.php\/wp-json\/wp\/v2\/posts"}],"about":[{"href":"https:\/\/www.fener.org\/index.php\/wp-json\/wp\/v2\/types\/post"}],"author":[{"embeddable":true,"href":"https:\/\/www.fener.org\/index.php\/wp-json\/wp\/v2\/users\/1"}],"replies":[{"embeddable":true,"href":"https:\/\/www.fener.org\/index.php\/wp-json\/wp\/v2\/comments?post=30791"}],"version-history":[{"count":1,"href":"https:\/\/www.fener.org\/index.php\/wp-json\/wp\/v2\/posts\/30791\/revisions"}],"predecessor-version":[{"id":30793,"href":"https:\/\/www.fener.org\/index.php\/wp-json\/wp\/v2\/posts\/30791\/revisions\/30793"}],"wp:featuredmedia":[{"embeddable":true,"href":"https:\/\/www.fener.org\/index.php\/wp-json\/wp\/v2\/media\/30792"}],"wp:attachment":[{"href":"https:\/\/www.fener.org\/index.php\/wp-json\/wp\/v2\/media?parent=30791"}],"wp:term":[{"taxonomy":"category","embeddable":true,"href":"https:\/\/www.fener.org\/index.php\/wp-json\/wp\/v2\/categories?post=30791"},{"taxonomy":"post_tag","embeddable":true,"href":"https:\/\/www.fener.org\/index.php\/wp-json\/wp\/v2\/tags?post=30791"}],"curies":[{"name":"wp","href":"https:\/\/api.w.org\/{rel}","templated":true}]}}