{"id":30787,"date":"2026-04-30T23:21:51","date_gmt":"2026-04-30T20:21:51","guid":{"rendered":"https:\/\/www.fener.org\/?p=30787"},"modified":"2026-04-30T23:21:55","modified_gmt":"2026-04-30T20:21:55","slug":"fenerbahce-beko-play-off-serisinde-durumu-2-0-yapti-2","status":"publish","type":"post","link":"https:\/\/www.fener.org\/index.php\/2026\/04\/30\/fenerbahce-beko-play-off-serisinde-durumu-2-0-yapti-2\/","title":{"rendered":"Fenerbah\u00e7e Beko play-off serisinde durumu 2-0 yapt\u0131"},"content":{"rendered":"\n<p>Fenerbah\u00e7e Beko Erkek Basketbol Tak\u0131m\u0131m\u0131z, EuroLeague play-off serisi ikinci ma\u00e7\u0131nda Zalgiris Kaunas\u2019\u0131 konuk etti. \u00dclker Spor ve Etkinlik Salonu\u2019nda oynanan kar\u015f\u0131la\u015fmay\u0131 86-74 kazanan ekibimiz, play-off serisinde durumu 2-0\u2019a getirdi ve Final Four yolunda \u00f6nemli bir avantaj elde etti.<br>\u00a0<br>Serinin \u00fc\u00e7\u00fcnc\u00fc ma\u00e7\u0131 6 May\u0131s \u00c7ar\u015famba g\u00fcn\u00fc Litvanya ekibinin ev sahipli\u011finde oynanacak. Fenerbah\u00e7e Beko bu ma\u00e7\u0131 da kazanmas\u0131 halinde 22-24 May\u0131s tarihlerinde Yunanistan&#8217;\u0131n ba\u015fkenti Atina\u2019da d\u00fczenlenecek Final-Four\u2019a ad\u0131n\u0131 yazd\u0131racak.<br>\u00a0<br>\u00dclker Spor ve Etkinlik Salonu\u2019nda trib\u00fcnleri t\u0131kl\u0131m t\u0131kl\u0131m dolduran taraftarlar\u0131m\u0131z, \u2018Road to Athens 2025-2026\u2019 yaz\u0131l\u0131 ti\u015f\u00f6rtlerle lacivert bir atmosfer yaratt\u0131. EuroLeague kupas\u0131n\u0131n da sergilendi\u011fi kar\u015f\u0131la\u015fma \u00f6ncesi trib\u00fcnlerde sergilenen koreografide \u2018One more time \/ Bir kez daha\u2019 yaz\u0131s\u0131 yer ald\u0131.<br>\u00a0<br>Kar\u015f\u0131la\u015fmay\u0131 Ba\u015fkan\u0131m\u0131z Sadettin Saran ile Y\u00f6netim Kurulu \u00dcyelerimiz de izleyerek tak\u0131m\u0131m\u0131za destek oldu.<br>\u00a0<br>Tak\u0131m\u0131m\u0131z ma\u00e7a; Devon Hall, Talen Horton Tucker, Tar\u0131k Biberovic, Nicolo Melli, Khem Birch be\u015fiyle ba\u015flad\u0131.<br>\u00a0<br>\u0130lk periyoda savunmada olduk\u00e7a enerjik ba\u015flayan Jasikevicius\u2019un \u00f6\u011frencileri, h\u00fccumlarda Melli, Tar\u0131k ve Baldwin\u2019le etkili oldu ve periyodu 26-14 \u00f6nde tamamlad\u0131. Agresif savunmas\u0131n\u0131 ikinci periyoda da ta\u015f\u0131yan Tak\u0131m\u0131m\u0131z, 12 h\u00fccum, 9 da savunma ribaundu buldu\u011fu ilk yar\u0131da rakibini 33 say\u0131da tuttu ve soyunma odas\u0131na 18 say\u0131 farkla \u00f6nde gitti: 51-33<br>\u00a0<br>Kar\u015f\u0131l\u0131kl\u0131 say\u0131larla ba\u015flayan ikinci yar\u0131da da ilk yar\u0131daki savunma sertli\u011fini s\u00fcrd\u00fcren Fenerbah\u00e7e Beko, rakibine kolay say\u0131 \u015fans\u0131 tan\u0131mad\u0131 ve \u00fc\u00e7\u00fcnc\u00fc periyodu 66-47 \u00f6nde tamamlad\u0131. \u00a0D\u00f6rd\u00fcnc\u00fc periyotta da fark\u0131 koruyan Fenerbah\u00e7emiz, kar\u015f\u0131la\u015fmadan 86-74 galip ayr\u0131ld\u0131 ve seride 2-0 \u00f6ne ge\u00e7ti.<br>\u00a0<br><strong>\u00c7eyrek skorlar\u0131:<\/strong><br>\u00a0<br>1.\u00c7eyrek: 26-14<br>2.\u00c7eyrek: 25-19<br>3.\u00c7eyrek: 15-14<br>4.\u00c7eyrek: 17-27<br><br><strong>Skor da\u011f\u0131l\u0131m\u0131m\u0131z:<\/strong> Melli 17, De Colo 16, Biberovic 15, Jantunen 13, Baldwin 11, Birch 5, Silva 4, Hall 3, Horton-Tucker 2.<\/p>\n","protected":false},"excerpt":{"rendered":"<p>Fenerbah\u00e7e Beko Erkek Basketbol Tak\u0131m\u0131m\u0131z, EuroLeague play-off serisi ikinci ma\u00e7\u0131nda Zalgiris Kaunas\u2019\u0131 konuk etti. \u00dclker Spor ve Etkinlik Salonu\u2019nda oynanan kar\u015f\u0131la\u015fmay\u0131 86-74 kazanan ekibimiz, play-off serisinde durumu 2-0\u2019a getirdi ve Final Four yolunda \u00f6nemli bir avantaj elde etti.\u00a0Serinin \u00fc\u00e7\u00fcnc\u00fc ma\u00e7\u0131 6 May\u0131s \u00c7ar\u015famba g\u00fcn\u00fc Litvanya ekibinin ev sahipli\u011finde oynanacak. Fenerbah\u00e7e Beko bu ma\u00e7\u0131 da kazanmas\u0131 [&hellip;]<\/p>\n","protected":false},"author":1,"featured_media":30788,"comment_status":"closed","ping_status":"closed","sticky":false,"template":"","format":"standard","meta":{"jnews-multi-image_gallery":[],"jnews_single_post":{"format":"standard","override":[{"template":"1","parallax":"1","fullscreen":"1","layout":"right-sidebar","sidebar":"mysidebar","second_sidebar":"default-sidebar","sticky_sidebar":"1","share_position":"float","share_float_style":"share-normal","show_share_counter":"1","show_view_counter":"1","show_featured":"1","show_post_meta":"1","show_post_author_image":"1","show_post_date":"1","post_date_format":"default","post_date_format_custom":"Y\/m\/d","show_post_reading_time":"0","post_reading_time_wpm":"300","post_calculate_word_method":"str_word_count","show_zoom_button":"0","zoom_button_out_step":"2","zoom_button_in_step":"3","show_prev_next_post":"1","show_comment_section":"1","number_popup_post":"3","show_author_box":"0","show_post_related":"0","show_inline_post_related":"0"}],"image_override":[{"single_post_thumbnail_size":"crop-500","single_post_gallery_size":"crop-500"}],"trending_post_position":"meta","trending_post_label":"Trending","sponsored_post_label":"Sponsored by","disable_ad":"0","subtitle":"Fenerbah\u00e7e Erkek Basketbol Tak\u0131m\u0131m\u0131z, EuroLeague play-off serisi ikinci ma\u00e7\u0131nda Zalgiris Kaunas\u2019\u0131 konuk etti\u011fi kar\u015f\u0131la\u015fmay\u0131 86-74 kazand\u0131 ve seride durumu 2-0\u2019a getirdi."},"jnews_primary_category":{"id":"5"},"jnews_social_meta":[],"jnews_override_counter":{"view_counter_number":"0","share_counter_number":"0","like_counter_number":"0","dislike_counter_number":"0"},"footnotes":""},"categories":[5,6,2],"tags":[24,74,23],"class_list":["post-30787","post","type-post","status-publish","format-standard","has-post-thumbnail","hentry","category-basketbol","category-erkek-basketbol","category-haberler","tag-basketbol","tag-euroleague","tag-fenerbahce"],"amp_enabled":true,"_links":{"self":[{"href":"https:\/\/www.fener.org\/index.php\/wp-json\/wp\/v2\/posts\/30787","targetHints":{"allow":["GET"]}}],"collection":[{"href":"https:\/\/www.fener.org\/index.php\/wp-json\/wp\/v2\/posts"}],"about":[{"href":"https:\/\/www.fener.org\/index.php\/wp-json\/wp\/v2\/types\/post"}],"author":[{"embeddable":true,"href":"https:\/\/www.fener.org\/index.php\/wp-json\/wp\/v2\/users\/1"}],"replies":[{"embeddable":true,"href":"https:\/\/www.fener.org\/index.php\/wp-json\/wp\/v2\/comments?post=30787"}],"version-history":[{"count":2,"href":"https:\/\/www.fener.org\/index.php\/wp-json\/wp\/v2\/posts\/30787\/revisions"}],"predecessor-version":[{"id":30790,"href":"https:\/\/www.fener.org\/index.php\/wp-json\/wp\/v2\/posts\/30787\/revisions\/30790"}],"wp:featuredmedia":[{"embeddable":true,"href":"https:\/\/www.fener.org\/index.php\/wp-json\/wp\/v2\/media\/30788"}],"wp:attachment":[{"href":"https:\/\/www.fener.org\/index.php\/wp-json\/wp\/v2\/media?parent=30787"}],"wp:term":[{"taxonomy":"category","embeddable":true,"href":"https:\/\/www.fener.org\/index.php\/wp-json\/wp\/v2\/categories?post=30787"},{"taxonomy":"post_tag","embeddable":true,"href":"https:\/\/www.fener.org\/index.php\/wp-json\/wp\/v2\/tags?post=30787"}],"curies":[{"name":"wp","href":"https:\/\/api.w.org\/{rel}","templated":true}]}}