{"id":30781,"date":"2026-04-28T23:30:00","date_gmt":"2026-04-28T20:30:00","guid":{"rendered":"https:\/\/www.fener.org\/?p=30781"},"modified":"2026-04-29T09:13:18","modified_gmt":"2026-04-29T06:13:18","slug":"sarunas-jasikevicius-1-0-one-gectik-bunun-icin-cok-mutluyuz","status":"publish","type":"post","link":"https:\/\/www.fener.org\/index.php\/2026\/04\/28\/sarunas-jasikevicius-1-0-one-gectik-bunun-icin-cok-mutluyuz\/","title":{"rendered":"Sarunas Jasikevicius: 1-0 \u00f6ne ge\u00e7tik bunun i\u00e7in \u00e7ok mutluyuz"},"content":{"rendered":"\n<p>Fenerbah\u00e7e Beko Erkek Basketbol Tak\u0131m\u0131m\u0131z\u0131n Ba\u015fantren\u00f6r\u00fc Sarunas Jasikevicius, Zalgiris Kaunas\u2019\u0131 play-off serisi ilk ma\u00e7\u0131nda 89-78 ma\u011flup ederek seride 1-0 \u00f6ne ge\u00e7ti\u011fimiz ma\u00e7\u0131n ard\u0131ndan d\u00fczenlenen bas\u0131n toplant\u0131s\u0131nda \u015fu a\u00e7\u0131klamalar\u0131 yapt\u0131:<\/p>\n\n\n\n<blockquote class=\"wp-block-quote is-layout-flow wp-block-quote-is-layout-flow\">\n<p>\u201c\u00d6ncelikle tak\u0131m\u0131m\u0131z\u0131 ve taraftarlar\u0131m\u0131z\u0131 tebrik etmek istiyorum. 1-0 \u00f6ne ge\u00e7tik bunun i\u00e7in \u00e7ok mutluyuz ama eve gidip \u00e7al\u0131\u015fmam\u0131z, uyarlamam\u0131z ve d\u00fczeltmemiz gereken \u00e7ok fazla detay var. A\u00e7\u0131kcas\u0131 ma\u00e7\u0131n b\u00fcy\u00fck bir b\u00f6l\u00fcm\u00fcnde \u00e7ok iyi oynad\u0131\u011f\u0131m\u0131z\u0131 d\u00fc\u015f\u00fcnd\u00fcm ki b\u00f6yle bir tak\u0131ma kar\u015f\u0131 bunu yapmak \u00e7ok kolay de\u011fil. \u00dc\u00e7\u00fcnc\u00fc \u00e7eyre\u011fin olumsuz noktalar\u0131n\u0131 ise kesinlikle \u00e7al\u0131\u015fmal\u0131y\u0131z. Kar\u015f\u0131la\u015fma i\u00e7erisinde rahatlad\u0131k bunu son birka\u00e7 hafta i\u00e7erisinde fark\u0131 ma\u00e7larda da g\u00f6r\u00fcyorduk ama play-off\u2019larda seri kazanmak istiyorsan\u0131z bu kabul edilemez bir durum. Bu seriyi ve seriler kazanmak i\u00e7in kesinlikle daha iyi oynamaya ihtiyac\u0131m\u0131z var.<\/p>\n\n\n\n<p>Faullerin hakemlerle ilgili oldu\u011funu d\u00fc\u015f\u00fcnm\u00fcyorum. Bizim faulleri do\u011fru zamanda yapmad\u0131\u011f\u0131m\u0131z kan\u0131s\u0131nday\u0131m. \u00d6zellikle normal sezonda oynad\u0131\u011f\u0131m\u0131z iki ma\u00e7a bakt\u0131\u011f\u0131n\u0131z zaman orada 26\u2019l\u0131k bir ortalama g\u00f6r\u00fcyoruz ve bu kesinlikle \u00e7al\u0131\u015fmam\u0131z gereken bir konu.<\/p>\n\n\n\n<p>(Oyuncular\u0131n rolleri ve ekstra efor g\u00f6stermesi) Ben, rollerde bir de\u011fi\u015fiklik oldu\u011funu d\u00fc\u015f\u00fcnm\u00fcyorum. Zaten sene i\u00e7erisinde rollerde de\u011fi\u015fiklik yapmak kolay de\u011fil. Ama kesinlikle efor k\u0131sm\u0131na kat\u0131l\u0131yorum. A\u00e7\u0131l\u0131\u015fta da s\u00f6yledi\u011fim gibi efor k\u0131sm\u0131n\u0131n devaml\u0131l\u0131\u011f\u0131n\u0131 sa\u011flamam\u0131z gerekiyor.<\/p>\n\n\n\n<p>(Zalgiris Kaunas oyuncusu Sylvain Francisco hakk\u0131nda) Francisco\u2019dan bahsederken EuroLeague\u2019deki en iyi ikinci oyuncudan bahsetti\u011fimizi unutmamal\u0131y\u0131z. Harika bir sezon ge\u00e7iriyor ve h\u00fccumda \u00e7ok fazla opsiyonu var. Yar\u0131 sahay\u0131 kullanabiliyor, onun \u00fczerinden ekstra setler haz\u0131rlan\u0131yor. A\u00e7\u0131k sahada \u00e7ok etkili bir oyuncu. Dolay\u0131s\u0131yla bizim bug\u00fcn onu yava\u015flatmay\u0131 ba\u015fard\u0131\u011f\u0131m\u0131z\u0131 s\u00f6yleyebilirim ama umuyorum bunu serinin kalan b\u00f6l\u00fcmlerinde de yapabiliriz.\u201d<\/p>\n<\/blockquote>\n","protected":false},"excerpt":{"rendered":"<p>Fenerbah\u00e7e Beko Erkek Basketbol Tak\u0131m\u0131m\u0131z\u0131n Ba\u015fantren\u00f6r\u00fc Sarunas Jasikevicius, Zalgiris Kaunas\u2019\u0131 play-off serisi ilk ma\u00e7\u0131nda 89-78 ma\u011flup ederek seride 1-0 \u00f6ne ge\u00e7ti\u011fimiz ma\u00e7\u0131n ard\u0131ndan d\u00fczenlenen bas\u0131n toplant\u0131s\u0131nda \u015fu a\u00e7\u0131klamalar\u0131 yapt\u0131: \u201c\u00d6ncelikle tak\u0131m\u0131m\u0131z\u0131 ve taraftarlar\u0131m\u0131z\u0131 tebrik etmek istiyorum. 1-0 \u00f6ne ge\u00e7tik bunun i\u00e7in \u00e7ok mutluyuz ama eve gidip \u00e7al\u0131\u015fmam\u0131z, uyarlamam\u0131z ve d\u00fczeltmemiz gereken \u00e7ok fazla detay var. [&hellip;]<\/p>\n","protected":false},"author":1,"featured_media":30782,"comment_status":"closed","ping_status":"closed","sticky":false,"template":"","format":"standard","meta":{"jnews-multi-image_gallery":[],"jnews_single_post":{"format":"standard","override":[{"template":"1","parallax":"1","fullscreen":"1","layout":"right-sidebar","sidebar":"mysidebar","second_sidebar":"default-sidebar","sticky_sidebar":"1","share_position":"float","share_float_style":"share-normal","show_share_counter":"1","show_view_counter":"1","show_featured":"1","show_post_meta":"1","show_post_author_image":"1","show_post_date":"1","post_date_format":"default","post_date_format_custom":"Y\/m\/d","show_post_reading_time":"0","post_reading_time_wpm":"300","post_calculate_word_method":"str_word_count","show_zoom_button":"0","zoom_button_out_step":"2","zoom_button_in_step":"3","show_prev_next_post":"1","show_comment_section":"1","number_popup_post":"3","show_author_box":"0","show_post_related":"0","show_inline_post_related":"0"}],"image_override":[{"single_post_thumbnail_size":"crop-500","single_post_gallery_size":"crop-500"}],"trending_post_position":"meta","trending_post_label":"Trending","sponsored_post_label":"Sponsored by","disable_ad":"0","subtitle":"Ba\u015fantren\u00f6r\u00fcm\u00fcz Sarunas Jasikevicius, Tak\u0131m\u0131m\u0131z\u0131n Zalgiris Kaunas\u2019\u0131 play-off serisi ilk ma\u00e7\u0131nda ma\u011flup etti\u011fi kar\u015f\u0131la\u015fman\u0131n ard\u0131ndan de\u011ferlendirmelerde bulundu."},"jnews_primary_category":{"id":"5"},"jnews_social_meta":[],"jnews_override_counter":{"view_counter_number":"0","share_counter_number":"0","like_counter_number":"0","dislike_counter_number":"0"},"footnotes":""},"categories":[5,6,2],"tags":[24,74,23],"class_list":["post-30781","post","type-post","status-publish","format-standard","has-post-thumbnail","hentry","category-basketbol","category-erkek-basketbol","category-haberler","tag-basketbol","tag-euroleague","tag-fenerbahce"],"amp_enabled":true,"_links":{"self":[{"href":"https:\/\/www.fener.org\/index.php\/wp-json\/wp\/v2\/posts\/30781","targetHints":{"allow":["GET"]}}],"collection":[{"href":"https:\/\/www.fener.org\/index.php\/wp-json\/wp\/v2\/posts"}],"about":[{"href":"https:\/\/www.fener.org\/index.php\/wp-json\/wp\/v2\/types\/post"}],"author":[{"embeddable":true,"href":"https:\/\/www.fener.org\/index.php\/wp-json\/wp\/v2\/users\/1"}],"replies":[{"embeddable":true,"href":"https:\/\/www.fener.org\/index.php\/wp-json\/wp\/v2\/comments?post=30781"}],"version-history":[{"count":1,"href":"https:\/\/www.fener.org\/index.php\/wp-json\/wp\/v2\/posts\/30781\/revisions"}],"predecessor-version":[{"id":30783,"href":"https:\/\/www.fener.org\/index.php\/wp-json\/wp\/v2\/posts\/30781\/revisions\/30783"}],"wp:featuredmedia":[{"embeddable":true,"href":"https:\/\/www.fener.org\/index.php\/wp-json\/wp\/v2\/media\/30782"}],"wp:attachment":[{"href":"https:\/\/www.fener.org\/index.php\/wp-json\/wp\/v2\/media?parent=30781"}],"wp:term":[{"taxonomy":"category","embeddable":true,"href":"https:\/\/www.fener.org\/index.php\/wp-json\/wp\/v2\/categories?post=30781"},{"taxonomy":"post_tag","embeddable":true,"href":"https:\/\/www.fener.org\/index.php\/wp-json\/wp\/v2\/tags?post=30781"}],"curies":[{"name":"wp","href":"https:\/\/api.w.org\/{rel}","templated":true}]}}