{"id":30778,"date":"2026-04-28T22:53:13","date_gmt":"2026-04-28T19:53:13","guid":{"rendered":"https:\/\/www.fener.org\/?p=30778"},"modified":"2026-04-28T22:53:17","modified_gmt":"2026-04-28T19:53:17","slug":"fenerbahce-beko-play-off-serisinde-1-0-one-gecti-2","status":"publish","type":"post","link":"https:\/\/www.fener.org\/index.php\/2026\/04\/28\/fenerbahce-beko-play-off-serisinde-1-0-one-gecti-2\/","title":{"rendered":"Fenerbah\u00e7e Beko, play-off serisinde 1-0 \u00f6ne ge\u00e7ti"},"content":{"rendered":"\n<p>Fenerbah\u00e7e Beko Erkek Basketbol Tak\u0131m\u0131m\u0131z, EuroLeague play-off serisi ilk ma\u00e7\u0131nda Zalgiris Kaunas\u2019\u0131 konuk etti.<br><br>\u00dclker Spor ve Etkinlik Salonu\u2019nda oynanan kar\u015f\u0131la\u015fmay\u0131 89-78 kazanan ekibimiz, play-off serisinde 1-0 \u00f6ne ge\u00e7ti.<br><br>\u00dc\u00e7 galibiyete uzanan ekibin 22-24 May\u0131s tarihlerinde Yunanistan&#8217;\u0131n ba\u015fkenti Atina\u2019da d\u00fczenlenecek olan Final-Four\u2019a ad\u0131n\u0131 yazd\u0131raca\u011f\u0131 serinin ikinci ma\u00e7\u0131 ise 30 Nisan Per\u015fembe g\u00fcn\u00fc saat 20.00\u2019de yine evimizde oynanacak.<br><br>Tar\u0131k Biberovic 26 say\u0131yla EuroLeague kariyer rekorunu egale ederken, Wade Baldwin 17, Talen Horton-Tucker 15 ve Nicolo Melli de kaydetti\u011fi 13 say\u0131yla galibiyete \u00f6nemli katk\u0131 verdi.<br><br>Kar\u015f\u0131la\u015fmay\u0131 Y\u00f6netim Kurulu \u00dcyelerimiz de izleyerek tak\u0131m\u0131m\u0131za destek oldu.<br><br>M\u00fccadelenin \u00f6ncesinde t\u00fcm taraftarlar\u0131m\u0131z kendilerine da\u011f\u0131t\u0131lan \u2018Road to Athens\u2019 sar\u0131 ti\u015f\u00f6rtleriyle muhte\u015fem bir g\u00f6r\u00fcnt\u00fc olu\u015ftururken, \u00fc\u00e7\u00fcnc\u00fc EuroLeague kupas\u0131na bakan Yellow koreografisi de ola\u011fan\u00fcst\u00fc bir atmosfer olu\u015fturdu. Ayn\u0131 zamanda sar\u0131 miras\u0131m\u0131z\u0131n \u00f6nemli de\u011ferlerinden ve elde etti\u011fimiz ba\u015far\u0131larda b\u00fcy\u00fck bir pay sahibi olan basketbol tak\u0131m\u0131m\u0131z\u0131n eski y\u00f6neticisi Maurizio Gherardini\u2019ye de Genel Menajerimiz Derya Yannier ve Tak\u0131m Kaptan\u0131m\u0131z Melih Mahmuto\u011flu taraf\u0131ndan te\u015fekk\u00fcr plaketi takdim edildi. Ard\u0131ndan ge\u00e7ti\u011fimiz g\u00fcnlerde Avrupa \u015eampiyonu olan Fenerbah\u00e7e \u0130stanbul Jet Tekerlekli Sandalye Basketbol Tak\u0131m\u0131m\u0131z, Tekerlekli Basketbol \u015eubemizden Sorumlu Y\u00f6netim Kurulu \u00dcyemiz A. Murat Emaneto\u011flu e\u015fli\u011finde Avrupa Kupas\u0131yla parkeye gelerek taraftarlar\u0131m\u0131z\u0131 selamlad\u0131.<br><br>Devon Hall, Talen Horton-Tucker, Tar\u0131k Biberovic, Nicolo Melli ve Khem Birch ilk be\u015fiyle ma\u00e7a ba\u015flayan Fenerbah\u00e7e Beko, Moses Wright ile etkili olan konuk ekip kar\u015f\u0131s\u0131nda TV molas\u0131na 14-9 geride gitti. Mola d\u00f6n\u00fc\u015f\u00fc Wade ve Tar\u0131k\u2019\u0131n elinden buldu\u011fu \u00fcst \u00fcste basketlerle ritim yakalayan Tak\u0131m\u0131m\u0131z, ilk \u00e7eyre\u011fi 22-20 \u00f6nde bitirdi. \u0130kinci \u00e7eyre\u011fe de h\u00fccumda etkisini art\u0131ran Talen Horton-Tucker\u2019\u0131n pota alt\u0131ndan buldu\u011fu say\u0131larla ba\u015flayan Fenerbah\u00e7e Beko, skoru 29-20\u2019ye getirdi. \u0130lerleyen b\u00f6l\u00fcmlerde de \u00fc\u00e7l\u00fcklerle fark\u0131 giderek a\u00e7an Ekibimiz, soyunma odas\u0131na 47-29 \u00fcst\u00fcn gitti.<br><br>\u00dc\u00e7\u00fcnc\u00fc \u00e7eyrek de ise tak\u0131m\u0131m\u0131z ev sahibi ekibin fark\u0131 eritme \u00e7abalar\u0131na engel olamasa da, \u00fcst\u00fcnl\u00fc\u011f\u00fcn\u00fc kaybetmedi ve karar \u00e7eyre\u011fine 64-53 \u00f6nde girdi. D\u00f6rd\u00fcnc\u00fc \u00e7eyre\u011fe de Nicolo Melli\u2019nin \u00fc\u00e7l\u00fck ve h\u00fccum ribauntlar\u0131yla harika bir ba\u015flang\u0131\u00e7 yapan Fenerbah\u00e7e Beko, fark\u0131 17 say\u0131ya \u00e7\u0131kararak skoru 77-60\u2019a getirdi. Kalan b\u00f6l\u00fcmlerde de rakibine \u015fans tan\u0131mayan Ekibimiz, parkeden 89-78 galip ayr\u0131larak play-off serisinde 1-0 \u00f6ne ge\u00e7ti.<br><br><strong>\u00c7eyrek skorlar\u0131:<\/strong><br><br>1. \u00c7eyrek: 22-20<br>2. \u00c7eyrek: 25-9<br>3. \u00c7eyrek: 18-28<br>4. \u00c7eyrek: 24-21<\/p>\n","protected":false},"excerpt":{"rendered":"<p>Fenerbah\u00e7e Beko Erkek Basketbol Tak\u0131m\u0131m\u0131z, EuroLeague play-off serisi ilk ma\u00e7\u0131nda Zalgiris Kaunas\u2019\u0131 konuk etti. \u00dclker Spor ve Etkinlik Salonu\u2019nda oynanan kar\u015f\u0131la\u015fmay\u0131 89-78 kazanan ekibimiz, play-off serisinde 1-0 \u00f6ne ge\u00e7ti. \u00dc\u00e7 galibiyete uzanan ekibin 22-24 May\u0131s tarihlerinde Yunanistan&#8217;\u0131n ba\u015fkenti Atina\u2019da d\u00fczenlenecek olan Final-Four\u2019a ad\u0131n\u0131 yazd\u0131raca\u011f\u0131 serinin ikinci ma\u00e7\u0131 ise 30 Nisan Per\u015fembe g\u00fcn\u00fc saat 20.00\u2019de yine [&hellip;]<\/p>\n","protected":false},"author":1,"featured_media":30779,"comment_status":"closed","ping_status":"closed","sticky":false,"template":"","format":"standard","meta":{"jnews-multi-image_gallery":[],"jnews_single_post":{"format":"standard","override":[{"template":"1","parallax":"1","fullscreen":"1","layout":"right-sidebar","sidebar":"mysidebar","second_sidebar":"default-sidebar","sticky_sidebar":"1","share_position":"float","share_float_style":"share-normal","show_share_counter":"1","show_view_counter":"1","show_featured":"1","show_post_meta":"1","show_post_author_image":"1","show_post_date":"1","post_date_format":"default","post_date_format_custom":"Y\/m\/d","show_post_reading_time":"0","post_reading_time_wpm":"300","post_calculate_word_method":"str_word_count","show_zoom_button":"0","zoom_button_out_step":"2","zoom_button_in_step":"3","show_prev_next_post":"1","show_comment_section":"1","number_popup_post":"3","show_author_box":"0","show_post_related":"0","show_inline_post_related":"0"}],"image_override":[{"single_post_thumbnail_size":"crop-500","single_post_gallery_size":"crop-500"}],"trending_post_position":"meta","trending_post_label":"Trending","sponsored_post_label":"Sponsored by","disable_ad":"0","subtitle":"Fenerbah\u00e7e Erkek Basketbol Tak\u0131m\u0131m\u0131z, EuroLeague play-off serisi ilk ma\u00e7\u0131nda Zalgiris Kaunas\u2019\u0131 konuk etti kar\u015f\u0131la\u015fmay\u0131 89-78 kazand\u0131 ve play-off serisinde 1-0 \u00f6ne ge\u00e7ti."},"jnews_primary_category":{"id":"5"},"jnews_social_meta":[],"jnews_override_counter":{"view_counter_number":"0","share_counter_number":"0","like_counter_number":"0","dislike_counter_number":"0"},"footnotes":""},"categories":[5,6,2],"tags":[24,74,23],"class_list":["post-30778","post","type-post","status-publish","format-standard","has-post-thumbnail","hentry","category-basketbol","category-erkek-basketbol","category-haberler","tag-basketbol","tag-euroleague","tag-fenerbahce"],"amp_enabled":true,"_links":{"self":[{"href":"https:\/\/www.fener.org\/index.php\/wp-json\/wp\/v2\/posts\/30778","targetHints":{"allow":["GET"]}}],"collection":[{"href":"https:\/\/www.fener.org\/index.php\/wp-json\/wp\/v2\/posts"}],"about":[{"href":"https:\/\/www.fener.org\/index.php\/wp-json\/wp\/v2\/types\/post"}],"author":[{"embeddable":true,"href":"https:\/\/www.fener.org\/index.php\/wp-json\/wp\/v2\/users\/1"}],"replies":[{"embeddable":true,"href":"https:\/\/www.fener.org\/index.php\/wp-json\/wp\/v2\/comments?post=30778"}],"version-history":[{"count":1,"href":"https:\/\/www.fener.org\/index.php\/wp-json\/wp\/v2\/posts\/30778\/revisions"}],"predecessor-version":[{"id":30780,"href":"https:\/\/www.fener.org\/index.php\/wp-json\/wp\/v2\/posts\/30778\/revisions\/30780"}],"wp:featuredmedia":[{"embeddable":true,"href":"https:\/\/www.fener.org\/index.php\/wp-json\/wp\/v2\/media\/30779"}],"wp:attachment":[{"href":"https:\/\/www.fener.org\/index.php\/wp-json\/wp\/v2\/media?parent=30778"}],"wp:term":[{"taxonomy":"category","embeddable":true,"href":"https:\/\/www.fener.org\/index.php\/wp-json\/wp\/v2\/categories?post=30778"},{"taxonomy":"post_tag","embeddable":true,"href":"https:\/\/www.fener.org\/index.php\/wp-json\/wp\/v2\/tags?post=30778"}],"curies":[{"name":"wp","href":"https:\/\/api.w.org\/{rel}","templated":true}]}}