{"id":30771,"date":"2026-04-27T16:23:26","date_gmt":"2026-04-27T13:23:26","guid":{"rendered":"https:\/\/www.fener.org\/?p=30771"},"modified":"2026-04-27T16:23:30","modified_gmt":"2026-04-27T13:23:30","slug":"galatasaray-gain-3-2-fenerbahce-arsavev","status":"publish","type":"post","link":"https:\/\/www.fener.org\/index.php\/2026\/04\/27\/galatasaray-gain-3-2-fenerbahce-arsavev\/","title":{"rendered":"Galatasaray Gain 3-2 Fenerbah\u00e7e arsaVev"},"content":{"rendered":"\n<p>Fenerbah\u00e7e arsaVev Kad\u0131n Futbol Tak\u0131m\u0131m\u0131z, Turkcell Kad\u0131n Futbol S\u00fcper Ligi\u2019nin 26. haftas\u0131nda Galatasaray Gain\u2019e konuk oldu.<\/p>\n\n\n\n<p>Florya Metin Oktay Tesisleri\u2019nde oynanan kar\u015f\u0131la\u015fma 3-2 ev sahibi ekibin \u00fcst\u00fcnl\u00fc\u011f\u00fcyle tamamland\u0131. Fenerbah\u00e7e arsaVev\u2019in golleri; 42 ve 47. dakikalarda Andrea Staskova\u2019dan geldi.<\/p>\n\n\n\n<p>Sar\u0131-Lacivertliler ligin 27. haftas\u0131nda ise 3 May\u0131s Pazar g\u00fcn\u00fc saat 13.00\u2019te Ankara B\u00fcy\u00fck\u015fehir Belediyesi Fomget Spor Kul\u00fcb\u00fc\u2019n\u00fc a\u011f\u0131rlayacak.<\/p>\n","protected":false},"excerpt":{"rendered":"<p>Fenerbah\u00e7e arsaVev Kad\u0131n Futbol Tak\u0131m\u0131m\u0131z, Turkcell Kad\u0131n Futbol S\u00fcper Ligi\u2019nin 26. haftas\u0131nda Galatasaray Gain\u2019e konuk oldu. Florya Metin Oktay Tesisleri\u2019nde oynanan kar\u015f\u0131la\u015fma 3-2 ev sahibi ekibin \u00fcst\u00fcnl\u00fc\u011f\u00fcyle tamamland\u0131. Fenerbah\u00e7e arsaVev\u2019in golleri; 42 ve 47. dakikalarda Andrea Staskova\u2019dan geldi. Sar\u0131-Lacivertliler ligin 27. haftas\u0131nda ise 3 May\u0131s Pazar g\u00fcn\u00fc saat 13.00\u2019te Ankara B\u00fcy\u00fck\u015fehir Belediyesi Fomget Spor Kul\u00fcb\u00fc\u2019n\u00fc [&hellip;]<\/p>\n","protected":false},"author":1,"featured_media":30772,"comment_status":"closed","ping_status":"closed","sticky":false,"template":"","format":"standard","meta":{"jnews-multi-image_gallery":[],"jnews_single_post":{"format":"standard","override":[{"template":"1","parallax":"1","fullscreen":"1","layout":"right-sidebar","sidebar":"mysidebar","second_sidebar":"default-sidebar","sticky_sidebar":"1","share_position":"float","share_float_style":"share-normal","show_share_counter":"1","show_view_counter":"1","show_featured":"1","show_post_meta":"1","show_post_author_image":"1","show_post_date":"1","post_date_format":"default","post_date_format_custom":"Y\/m\/d","show_post_reading_time":"0","post_reading_time_wpm":"300","post_calculate_word_method":"str_word_count","show_zoom_button":"0","zoom_button_out_step":"2","zoom_button_in_step":"3","show_prev_next_post":"1","show_comment_section":"1","number_popup_post":"3","show_author_box":"0","show_post_related":"0","show_inline_post_related":"0"}],"image_override":[{"single_post_thumbnail_size":"crop-500","single_post_gallery_size":"crop-500"}],"trending_post_position":"meta","trending_post_label":"Trending","sponsored_post_label":"Sponsored by","disable_ad":"0","subtitle":"Fenerbah\u00e7e Kad\u0131n Futbol Tak\u0131m\u0131m\u0131z, Kad\u0131n Futbol S\u00fcper Ligi\u2019nin 26. haftas\u0131nda deplasmanda Galatasaray ile oynad\u0131\u011f\u0131 ma\u00e7tan 3-2 ma\u011flup ayr\u0131ld\u0131."},"jnews_primary_category":{"id":"4"},"jnews_social_meta":[],"jnews_override_counter":{"view_counter_number":"0","share_counter_number":"0","like_counter_number":"0","dislike_counter_number":"0"},"footnotes":""},"categories":[4,2,191],"tags":[23,192],"class_list":["post-30771","post","type-post","status-publish","format-standard","has-post-thumbnail","hentry","category-futbol","category-haberler","category-kadin-futbol","tag-fenerbahce","tag-kadinfutbol"],"amp_enabled":true,"_links":{"self":[{"href":"https:\/\/www.fener.org\/index.php\/wp-json\/wp\/v2\/posts\/30771","targetHints":{"allow":["GET"]}}],"collection":[{"href":"https:\/\/www.fener.org\/index.php\/wp-json\/wp\/v2\/posts"}],"about":[{"href":"https:\/\/www.fener.org\/index.php\/wp-json\/wp\/v2\/types\/post"}],"author":[{"embeddable":true,"href":"https:\/\/www.fener.org\/index.php\/wp-json\/wp\/v2\/users\/1"}],"replies":[{"embeddable":true,"href":"https:\/\/www.fener.org\/index.php\/wp-json\/wp\/v2\/comments?post=30771"}],"version-history":[{"count":1,"href":"https:\/\/www.fener.org\/index.php\/wp-json\/wp\/v2\/posts\/30771\/revisions"}],"predecessor-version":[{"id":30773,"href":"https:\/\/www.fener.org\/index.php\/wp-json\/wp\/v2\/posts\/30771\/revisions\/30773"}],"wp:featuredmedia":[{"embeddable":true,"href":"https:\/\/www.fener.org\/index.php\/wp-json\/wp\/v2\/media\/30772"}],"wp:attachment":[{"href":"https:\/\/www.fener.org\/index.php\/wp-json\/wp\/v2\/media?parent=30771"}],"wp:term":[{"taxonomy":"category","embeddable":true,"href":"https:\/\/www.fener.org\/index.php\/wp-json\/wp\/v2\/categories?post=30771"},{"taxonomy":"post_tag","embeddable":true,"href":"https:\/\/www.fener.org\/index.php\/wp-json\/wp\/v2\/tags?post=30771"}],"curies":[{"name":"wp","href":"https:\/\/api.w.org\/{rel}","templated":true}]}}