{"id":30759,"date":"2026-04-26T15:09:37","date_gmt":"2026-04-26T12:09:37","guid":{"rendered":"https:\/\/www.fener.org\/?p=30759"},"modified":"2026-04-26T15:09:41","modified_gmt":"2026-04-26T12:09:41","slug":"fenerbahce-arsavev-galatasaray-gaine-konuk-oluyor","status":"publish","type":"post","link":"https:\/\/www.fener.org\/index.php\/2026\/04\/26\/fenerbahce-arsavev-galatasaray-gaine-konuk-oluyor\/","title":{"rendered":"Fenerbah\u00e7e arsaVev, Galatasaray Gain\u2019e konuk oluyor"},"content":{"rendered":"\n<p>Fenerbah\u00e7e arsaVev Kad\u0131n Futbol Tak\u0131m\u0131m\u0131z, Turkcell Kad\u0131n Futbol S\u00fcper Ligi\u2019nin 26. haftas\u0131nda Galatasaray Gain\u2019e konuk olacak.<\/p>\n\n\n\n<p>27 Nisan Pazartesi g\u00fcn\u00fc Florya Metin Oktay Tesisleri\u2019nde oynanacak ma\u00e7 saat 13.00&#8217;te ba\u015flayacak.<\/p>\n\n\n\n<p>25 ma\u00e7ta 23 galibiyet, 2 beraberlik sonucu 71 puan toplayan Fenerbah\u00e7e arsaVev, nama\u011flup ligin zirvesinde yer al\u0131yor. Rakip fileleri 113 kez havaland\u0131ran tak\u0131m\u0131m\u0131z kalesinde 5 gol g\u00f6rd\u00fc.<\/p>\n\n\n\n<p>64 puana sahip Galatasaray Gain ise haftaya 2. s\u0131rada girdi.<\/p>\n\n\n\n<p>Sar\u0131-Lacivertliler, ligin ilk yar\u0131s\u0131nda rakibini 1-0 ma\u011flup etmi\u015fti.<\/p>\n","protected":false},"excerpt":{"rendered":"<p>Fenerbah\u00e7e arsaVev Kad\u0131n Futbol Tak\u0131m\u0131m\u0131z, Turkcell Kad\u0131n Futbol S\u00fcper Ligi\u2019nin 26. haftas\u0131nda Galatasaray Gain\u2019e konuk olacak. 27 Nisan Pazartesi g\u00fcn\u00fc Florya Metin Oktay Tesisleri\u2019nde oynanacak ma\u00e7 saat 13.00&#8217;te ba\u015flayacak. 25 ma\u00e7ta 23 galibiyet, 2 beraberlik sonucu 71 puan toplayan Fenerbah\u00e7e arsaVev, nama\u011flup ligin zirvesinde yer al\u0131yor. Rakip fileleri 113 kez havaland\u0131ran tak\u0131m\u0131m\u0131z kalesinde 5 gol [&hellip;]<\/p>\n","protected":false},"author":1,"featured_media":30488,"comment_status":"closed","ping_status":"closed","sticky":false,"template":"","format":"standard","meta":{"jnews-multi-image_gallery":[],"jnews_single_post":{"format":"standard","override":[{"template":"1","parallax":"1","fullscreen":"1","layout":"right-sidebar","sidebar":"mysidebar","second_sidebar":"default-sidebar","sticky_sidebar":"1","share_position":"float","share_float_style":"share-normal","show_share_counter":"1","show_view_counter":"1","show_featured":"1","show_post_meta":"1","show_post_author_image":"1","show_post_date":"1","post_date_format":"default","post_date_format_custom":"Y\/m\/d","show_post_reading_time":"0","post_reading_time_wpm":"300","post_calculate_word_method":"str_word_count","show_zoom_button":"0","zoom_button_out_step":"2","zoom_button_in_step":"3","show_prev_next_post":"1","show_comment_section":"1","number_popup_post":"3","show_author_box":"0","show_post_related":"0","show_inline_post_related":"0"}],"image_override":[{"single_post_thumbnail_size":"crop-500","single_post_gallery_size":"crop-500"}],"trending_post_position":"meta","trending_post_label":"Trending","sponsored_post_label":"Sponsored by","disable_ad":"0","subtitle":"Fenerbah\u00e7e Kad\u0131n Futbol Tak\u0131m\u0131m\u0131z, Kad\u0131n Futbol S\u00fcper Ligi\u2019nin 26. haftas\u0131nda deplasmanda Galatasaray ile kar\u015f\u0131la\u015f\u0131yor."},"jnews_primary_category":{"id":"4"},"jnews_social_meta":[],"jnews_override_counter":{"view_counter_number":"0","share_counter_number":"0","like_counter_number":"0","dislike_counter_number":"0"},"footnotes":""},"categories":[4,2,191],"tags":[23,192],"class_list":["post-30759","post","type-post","status-publish","format-standard","has-post-thumbnail","hentry","category-futbol","category-haberler","category-kadin-futbol","tag-fenerbahce","tag-kadinfutbol"],"amp_enabled":true,"_links":{"self":[{"href":"https:\/\/www.fener.org\/index.php\/wp-json\/wp\/v2\/posts\/30759","targetHints":{"allow":["GET"]}}],"collection":[{"href":"https:\/\/www.fener.org\/index.php\/wp-json\/wp\/v2\/posts"}],"about":[{"href":"https:\/\/www.fener.org\/index.php\/wp-json\/wp\/v2\/types\/post"}],"author":[{"embeddable":true,"href":"https:\/\/www.fener.org\/index.php\/wp-json\/wp\/v2\/users\/1"}],"replies":[{"embeddable":true,"href":"https:\/\/www.fener.org\/index.php\/wp-json\/wp\/v2\/comments?post=30759"}],"version-history":[{"count":1,"href":"https:\/\/www.fener.org\/index.php\/wp-json\/wp\/v2\/posts\/30759\/revisions"}],"predecessor-version":[{"id":30760,"href":"https:\/\/www.fener.org\/index.php\/wp-json\/wp\/v2\/posts\/30759\/revisions\/30760"}],"wp:featuredmedia":[{"embeddable":true,"href":"https:\/\/www.fener.org\/index.php\/wp-json\/wp\/v2\/media\/30488"}],"wp:attachment":[{"href":"https:\/\/www.fener.org\/index.php\/wp-json\/wp\/v2\/media?parent=30759"}],"wp:term":[{"taxonomy":"category","embeddable":true,"href":"https:\/\/www.fener.org\/index.php\/wp-json\/wp\/v2\/categories?post=30759"},{"taxonomy":"post_tag","embeddable":true,"href":"https:\/\/www.fener.org\/index.php\/wp-json\/wp\/v2\/tags?post=30759"}],"curies":[{"name":"wp","href":"https:\/\/api.w.org\/{rel}","templated":true}]}}