{"id":30574,"date":"2026-04-04T22:38:57","date_gmt":"2026-04-04T19:38:57","guid":{"rendered":"https:\/\/www.fener.org\/?p=30574"},"modified":"2026-04-04T22:39:00","modified_gmt":"2026-04-04T19:39:00","slug":"potanin-kralicelerinden-sampiyonluk-aciklamalari","status":"publish","type":"post","link":"https:\/\/www.fener.org\/index.php\/2026\/04\/04\/potanin-kralicelerinden-sampiyonluk-aciklamalari\/","title":{"rendered":"Potan\u0131n Krali\u00e7elerinden \u015fampiyonluk a\u00e7\u0131klamalar\u0131"},"content":{"rendered":"\n<p>Galatasaray \u00c7a\u011fda\u015f Faktoring\u2019i 87-76 ma\u011flup ederek seride durumu 3-0\u2019a getiren ve 2025-26 sezonunu nama\u011flup \u015fampiyon olarak tamamlayan Fenerbah\u00e7e Opet Kad\u0131n Basketbol Tak\u0131m\u0131m\u0131z\u0131n oyuncular\u0131, zaferi Fenerbah\u00e7e Televizyonu\u2019na \u015fu s\u00f6zlerle anlatt\u0131:<br><br><strong>Alperi Onar:<\/strong>\u201c\u00c7ok mutluyuz. B\u00fct\u00fcn sezon bunun i\u00e7in \u00e7al\u0131\u015ft\u0131k, emek verdik. Bu sene \u00fc\u00e7\u00fcnc\u00fc kupam\u0131z. Ke\u015fke sahada olabilseydim ama arkada\u015flar\u0131m inan\u0131lmaz m\u00fccadele ettiler. Hepsiyle gurur duyuyorum, onlar\u0131 \u00e7ok seviyorum. Bizi destekleyen b\u00fct\u00fcn taraftarlar\u0131m\u0131za te\u015fekk\u00fcr ediyorum ama sezon daha bitmedi. Bug\u00fcn sezonun sadece T\u00fcrkiye Ligi k\u0131sm\u0131n\u0131 kutlayaca\u011f\u0131z, sonras\u0131nda da EuroLeague i\u00e7in haz\u0131rlanmaya devam edece\u011fiz.\u201d<br><br><strong>Emma Meesseman:<\/strong> \u201c\u015eu an an\u0131n tad\u0131n\u0131 \u00e7\u0131karaca\u011f\u0131z ama sonras\u0131nda odaklanaca\u011f\u0131m\u0131z bir i\u015f var.\u201d<br><br><strong>Olcay \u00c7ak\u0131r Turgut:<\/strong> \u201c\u00c7ok mutluyuz. Bu sezonu nama\u011flup olarak bitirdik. Bizim i\u00e7in \u00e7ok \u00f6nemliydi. \u015eimdi kupam\u0131z\u0131 ald\u0131k, evimize g\u00f6t\u00fcrece\u011fiz. Daha yolumuz bitmedi ama \u015fu an i\u00e7in bunun keyfini s\u00fcrece\u011fiz.\u201d<br><br><strong>Sevgi Uzun:<\/strong>\u00a0&#8220;\u00c7ok mutlu ve gururluyum. Ama bu kadar eksi\u011fe ve olumsuz \u015fartlara ra\u011fmen birlik olup b\u00f6yle bir basketbol ortaya koymam\u0131z gurur verici. \u015eimdi bunu kutlayaca\u011f\u0131z ard\u0131ndan EuroLeague\u2019e haz\u0131rlanaca\u011f\u0131z.&#8221;<br><br><strong>Meltem Avc\u0131 Y\u0131lmaz:<\/strong> \u201c\u00d6ncelikle \u00e7ok mutluyum. Y\u0131llard\u0131r b\u00f6yle ba\u015far\u0131l\u0131 bir olu\u015fumun i\u00e7inde olmak benim i\u00e7in \u00e7ok g\u00fczel bir duygu. Umar\u0131m EuroLeague kupas\u0131n\u0131 da al\u0131r\u0131z ve sezonu g\u00fczel bir \u015fekilde kapat\u0131r\u0131z.\u201d<br><br><strong>Tuana Vural:<\/strong> \u201c\u00c7ok mutluyuz, bu sene \u00fc\u00e7\u00fcnc\u00fc kupam\u0131z. \u0130n\u015fallah \u00f6n\u00fcm\u00fczde EuroLeague kupas\u0131 var. Onu da kazanaca\u011f\u0131z.\u201d<\/p>\n","protected":false},"excerpt":{"rendered":"<p>Galatasaray \u00c7a\u011fda\u015f Faktoring\u2019i 87-76 ma\u011flup ederek seride durumu 3-0\u2019a getiren ve 2025-26 sezonunu nama\u011flup \u015fampiyon olarak tamamlayan Fenerbah\u00e7e Opet Kad\u0131n Basketbol Tak\u0131m\u0131m\u0131z\u0131n oyuncular\u0131, zaferi Fenerbah\u00e7e Televizyonu\u2019na \u015fu s\u00f6zlerle anlatt\u0131: Alperi Onar:\u201c\u00c7ok mutluyuz. B\u00fct\u00fcn sezon bunun i\u00e7in \u00e7al\u0131\u015ft\u0131k, emek verdik. Bu sene \u00fc\u00e7\u00fcnc\u00fc kupam\u0131z. Ke\u015fke sahada olabilseydim ama arkada\u015flar\u0131m inan\u0131lmaz m\u00fccadele ettiler. Hepsiyle gurur duyuyorum, onlar\u0131 [&hellip;]<\/p>\n","protected":false},"author":1,"featured_media":30563,"comment_status":"closed","ping_status":"closed","sticky":false,"template":"","format":"standard","meta":{"jnews-multi-image_gallery":[],"jnews_single_post":{"format":"standard","override":[{"template":"1","parallax":"1","fullscreen":"1","layout":"right-sidebar","sidebar":"mysidebar","second_sidebar":"default-sidebar","sticky_sidebar":"1","share_position":"float","share_float_style":"share-normal","show_share_counter":"1","show_view_counter":"1","show_featured":"1","show_post_meta":"1","show_post_author_image":"1","show_post_date":"1","post_date_format":"default","post_date_format_custom":"Y\/m\/d","show_post_reading_time":"0","post_reading_time_wpm":"300","post_calculate_word_method":"str_word_count","show_zoom_button":"0","zoom_button_out_step":"2","zoom_button_in_step":"3","show_prev_next_post":"1","show_comment_section":"1","number_popup_post":"3","show_author_box":"0","show_post_related":"0","show_inline_post_related":"0"}],"image_override":[{"single_post_thumbnail_size":"crop-500","single_post_gallery_size":"crop-500"}],"trending_post_position":"meta","trending_post_label":"Trending","sponsored_post_label":"Sponsored by","disable_ad":"0","subtitle":"Fenerbah\u00e7e Kad\u0131n Basketbol Tak\u0131m\u0131m\u0131z\u0131n oyuncular\u0131, Tak\u0131m\u0131m\u0131z\u0131n Kad\u0131nlar Basketbol Ligi 2025-26 sezonunu nama\u011flup \u015fampiyon olarak tamamlad\u0131\u011f\u0131 ma\u00e7\u0131n ard\u0131ndan de\u011ferlendirmelerde bulundu."},"jnews_primary_category":{"id":"5"},"jnews_social_meta":[],"jnews_override_counter":{"view_counter_number":"0","share_counter_number":"0","like_counter_number":"0","dislike_counter_number":"0"},"footnotes":""},"categories":[5,2,7],"tags":[24,23],"class_list":["post-30574","post","type-post","status-publish","format-standard","has-post-thumbnail","hentry","category-basketbol","category-haberler","category-kadin-basketbol","tag-basketbol","tag-fenerbahce"],"amp_enabled":true,"_links":{"self":[{"href":"https:\/\/www.fener.org\/index.php\/wp-json\/wp\/v2\/posts\/30574","targetHints":{"allow":["GET"]}}],"collection":[{"href":"https:\/\/www.fener.org\/index.php\/wp-json\/wp\/v2\/posts"}],"about":[{"href":"https:\/\/www.fener.org\/index.php\/wp-json\/wp\/v2\/types\/post"}],"author":[{"embeddable":true,"href":"https:\/\/www.fener.org\/index.php\/wp-json\/wp\/v2\/users\/1"}],"replies":[{"embeddable":true,"href":"https:\/\/www.fener.org\/index.php\/wp-json\/wp\/v2\/comments?post=30574"}],"version-history":[{"count":5,"href":"https:\/\/www.fener.org\/index.php\/wp-json\/wp\/v2\/posts\/30574\/revisions"}],"predecessor-version":[{"id":30579,"href":"https:\/\/www.fener.org\/index.php\/wp-json\/wp\/v2\/posts\/30574\/revisions\/30579"}],"wp:featuredmedia":[{"embeddable":true,"href":"https:\/\/www.fener.org\/index.php\/wp-json\/wp\/v2\/media\/30563"}],"wp:attachment":[{"href":"https:\/\/www.fener.org\/index.php\/wp-json\/wp\/v2\/media?parent=30574"}],"wp:term":[{"taxonomy":"category","embeddable":true,"href":"https:\/\/www.fener.org\/index.php\/wp-json\/wp\/v2\/categories?post=30574"},{"taxonomy":"post_tag","embeddable":true,"href":"https:\/\/www.fener.org\/index.php\/wp-json\/wp\/v2\/tags?post=30574"}],"curies":[{"name":"wp","href":"https:\/\/api.w.org\/{rel}","templated":true}]}}